{"id":82,"date":"2018-02-20T13:38:07","date_gmt":"2018-02-20T12:38:07","guid":{"rendered":"http:\/\/iea45.fr\/actu\/?p=82"},"modified":"2018-07-09T08:20:18","modified_gmt":"2018-07-09T07:20:18","slug":"chef-de-projets-environnement-reglementaire-et-amenagement-des-territoires-hf","status":"publish","type":"post","link":"http:\/\/iea45.fr\/actu\/2018\/02\/20\/chef-de-projets-environnement-reglementaire-et-amenagement-des-territoires-hf\/","title":{"rendered":"Chef de projets environnement r\u00e9glementaire et am\u00e9nagement des territoires (H\/F)"},"content":{"rendered":"<p><span style=\"color: #ff0000;\"><strong>CANDIDATURE FERM\u00c9E<\/strong><\/span><\/p>\n<p>&nbsp;<\/p>\n<p>L\u2019Institut d\u2019\u00c9cologie Appliqu\u00e9 souhaite renforcer son \u00e9quipe et recruter un (ou une) chef de projets confirm\u00e9(e) pour la <strong>r\u00e9alisation d&rsquo;\u00e9valuations environnementales de projets et de documents d&rsquo;urbanisme<\/strong> (\u00e9tude d\u2019impact de projet de ZAC, dossier loi sur l\u2019eau, \u00e9valuation environnementale, volet environnemental de PLU ou de SCOT).<\/p>\n<p>Sous la responsabilit\u00e9 du directeur d\u2019\u00e9tudes, vous devrez :<\/p>\n<ul>\n<li><strong>rassembler les \u00e9l\u00e9ments de connaissance pour \u00e9laborer un diagnostic environnemental d\u2019un territoire\u00a0;<\/strong><\/li>\n<li>contribuer \u00e0 la d\u00e9finition des enjeux environnementaux<strong>;<\/strong><\/li>\n<li>analyser les projets, appr\u00e9cier leurs impacts sur l&rsquo;environnement et contribuer \u00e0 la d\u00e9finition des mesures d\u2019\u00e9vitement, de r\u00e9duction ou \u00e0 d\u00e9faut, de compensation\u00a0;<\/li>\n<li><strong>r\u00e9diger les dossiers r\u00e9glementaires<\/strong> li\u00e9s \u00e0 l\u2019am\u00e9nagement du territoire (principalement des \u00e9tudes d\u2019impact et dossier loi sur l\u2019eau) ;<\/li>\n<li><strong>animer les r\u00e9unions<\/strong> avec la ma\u00eetrise d\u2019ouvrage, les services de l\u2019Etat, les collectivit\u00e9s territoriales, les \u00e9lus (participer \u00e0 la concertation publique) ;<\/li>\n<li>contribuer au d\u00e9veloppement du bureau d\u2019\u00e9tudes (r\u00e9ponse aux appels d\u2019offres, auditions).<\/li>\n<\/ul>\n<p><strong><u>Comp\u00e9tences requises\u00a0:<\/u><\/strong><\/p>\n<p>Vous avez une approche pluridisciplinaire et vous ma\u00eetrisez les outils d\u2019am\u00e9nagement du territoire et la r\u00e9daction des dossiers r\u00e9glementaires de projets \u00e0 enjeux. Vous avez une bonne connaissance des politiques d\u2019am\u00e9nagement du territoire, de la r\u00e9glementation et des structures en charge de l\u2019environnement et de la protection des milieux naturels. Une ma\u00eetrise de la compr\u00e9hension du fonctionnement des \u00e9cosyst\u00e8mes serait un plus. Vous ma\u00eetrisez les outils bureautiques courants.<\/p>\n<p>Des <strong>r\u00e9f\u00e9rences sur des dossiers r\u00e9glementaires<\/strong> li\u00e9s \u00e0 des op\u00e9rations d\u2019am\u00e9nagement urbain, de projets photovolta\u00efques, \u00e9oliens, carri\u00e8res sont primordiales, de m\u00eame que la connaissance des institutions du territoire (collectivit\u00e9s, DDT, DREAL\/DRIEE-if) et des politiques publiques.<\/p>\n<p>Le (ou la) futur(e) candidat(e) devra d\u00e9montrer son <strong>excellente qualit\u00e9 r\u00e9dactionnelle<\/strong>. Un grand sens des responsabilit\u00e9s et une volont\u00e9 de s\u2019investir dans le d\u00e9veloppement de l\u2019entreprise seront <strong>tr\u00e8s appr\u00e9ci\u00e9<\/strong>.<\/p>\n<p>&nbsp;<\/p>\n<p><strong><u>Profil recherch\u00e9\u00a0:<\/u><\/strong><\/p>\n<p>De formation Bac + 5 sp\u00e9cialis\u00e9e en gestion de l\u2019environnement, vous disposez d\u2019une <strong>exp\u00e9rience de 3 \u00e0 5 ans minimum <\/strong>en \u00e9laboration d\u2019\u00e9tudes d\u2019impact et de dossier loi sur l\u2019eau pour des op\u00e9rations urbaines acquise en <strong>bureau d\u2019\u00e9tudes<\/strong>.<\/p>\n<p><strong><u>D\u00e9tails du poste \u00e0 pourvoir\u00a0:<\/u><\/strong><\/p>\n<p>Localisation : Saint-Jean-de-Braye (Orl\u00e9ans), Loiret.<\/p>\n<p>CDI \u00e0 pourvoir d\u00e8s que possible.<\/p>\n<p>D\u00e9placements professionnels \u00e0 pr\u00e9voir principalement en r\u00e9gion Centre-Val-de-Loire et \u00cele-de-France.<\/p>\n<p>R\u00e9mun\u00e9ration : \u00e0 d\u00e9battre selon exp\u00e9rience et comp\u00e9tences dans le cadre de la grille Syntec.<\/p>\n<p><strong>Avantages sociaux :<\/strong> Tickets restaurant, primes, Plan d&rsquo;\u00e9pargne salariale, mutuelle, ch\u00e8ques vacances.<\/p>\n<p>Envoi des candidatures\u00a0: annick.roche@iea45.fr<\/p>\n","protected":false},"excerpt":{"rendered":"<p>CANDIDATURE FERM\u00c9E &nbsp; L\u2019Institut d\u2019\u00c9cologie Appliqu\u00e9 souhaite renforcer son \u00e9quipe et recruter un (ou une) chef de projets confirm\u00e9(e) pour la r\u00e9alisation d&rsquo;\u00e9valuations environnementales de projets et de documents d&rsquo;urbanisme (\u00e9tude d\u2019impact de projet de ZAC, dossier loi sur l\u2019eau, \u00e9valuation environnementale, volet environnemental de PLU ou de SCOT). Sous la responsabilit\u00e9 du directeur d\u2019\u00e9tudes, [&hellip;]<\/p>\n","protected":false},"author":1,"featured_media":0,"comment_status":"closed","ping_status":"closed","sticky":false,"template":"","format":"standard","meta":{"footnotes":""},"categories":[2],"tags":[],"class_list":["post-82","post","type-post","status-publish","format-standard","hentry","category-offre-demploi"],"_links":{"self":[{"href":"http:\/\/iea45.fr\/actu\/wp-json\/wp\/v2\/posts\/82","targetHints":{"allow":["GET"]}}],"collection":[{"href":"http:\/\/iea45.fr\/actu\/wp-json\/wp\/v2\/posts"}],"about":[{"href":"http:\/\/iea45.fr\/actu\/wp-json\/wp\/v2\/types\/post"}],"author":[{"embeddable":true,"href":"http:\/\/iea45.fr\/actu\/wp-json\/wp\/v2\/users\/1"}],"replies":[{"embeddable":true,"href":"http:\/\/iea45.fr\/actu\/wp-json\/wp\/v2\/comments?post=82"}],"version-history":[{"count":6,"href":"http:\/\/iea45.fr\/actu\/wp-json\/wp\/v2\/posts\/82\/revisions"}],"predecessor-version":[{"id":114,"href":"http:\/\/iea45.fr\/actu\/wp-json\/wp\/v2\/posts\/82\/revisions\/114"}],"wp:attachment":[{"href":"http:\/\/iea45.fr\/actu\/wp-json\/wp\/v2\/media?parent=82"}],"wp:term":[{"taxonomy":"category","embeddable":true,"href":"http:\/\/iea45.fr\/actu\/wp-json\/wp\/v2\/categories?post=82"},{"taxonomy":"post_tag","embeddable":true,"href":"http:\/\/iea45.fr\/actu\/wp-json\/wp\/v2\/tags?post=82"}],"curies":[{"name":"wp","href":"https:\/\/api.w.org\/{rel}","templated":true}]}}