{"id":74,"date":"2017-09-11T13:37:36","date_gmt":"2017-09-11T12:37:36","guid":{"rendered":"http:\/\/iea45.fr\/actu\/?p=74"},"modified":"2017-11-24T12:15:59","modified_gmt":"2017-11-24T11:15:59","slug":"chef-de-projet-ecologue-confirme-hf","status":"publish","type":"post","link":"http:\/\/iea45.fr\/actu\/2017\/09\/11\/chef-de-projet-ecologue-confirme-hf\/","title":{"rendered":"Chef de projet Ecologue confirm\u00e9 (H\/F)"},"content":{"rendered":"<p><strong><span style=\"color: red;\">CANDIDATURE FERM\u00c9E<\/span><\/strong><\/p>\n<p><strong>L&rsquo;Institut d&rsquo;Ecologie Appliqu\u00e9e, bureau d&rsquo;\u00e9tudes sp\u00e9cialis\u00e9 dans l\u2019ing\u00e9nierie \u00e9cologique et environnementale, proche d\u2019Orl\u00e9ans, recrute un(e) Chef de projet \u00e9cologue confirm\u00e9(e).<\/strong><\/p>\n<p>L&rsquo;Institut d&rsquo;\u00c9cologie Appliqu\u00e9e a r\u00e9uni une \u00e9quipe de confiance, pluridisciplinaire forte de plus d\u2019une <strong>quinzaine de sp\u00e9cialistes<\/strong> (environnementalistes sp\u00e9cialistes des \u00e9tudes r\u00e9glementaires, botanistes, herp\u00e9tologues, ornithologues, entomologistes, chiropt\u00e9rologues\u2026) et reconnue pour ses valeurs humaines et son professionnalisme.<\/p>\n<p><strong>\u00a0<\/strong><\/p>\n<p><strong>Contrat<\/strong> : CDI temps plein<\/p>\n<p><strong>Prise de fonction :<\/strong> Janvier 2018<\/p>\n<p><strong>Coordonn\u00e9es pour r\u00e9pondre \u00e0 l&rsquo;offre<\/strong> : Lettre de motivation + Curriculum Vitae sont \u00e0 adresser uniquement par mail avec la r\u00e9f\u00e9rence suivante \u00ab\u00a0CP Ecologue\u00a0\u00bb \u00e0 : <a href=\"mailto:nicolas.hugot@iea45.fr\">nicolas.hugot@iea45.fr<\/a><\/p>\n<p><strong>\u00a0<\/strong><\/p>\n<p><strong><u>Descriptif de l\u2019offre\u00a0:<\/u><\/strong><\/p>\n<p>L\u2019Institut d\u2019\u00c9cologie Appliqu\u00e9 souhaite renforcer son \u00e9quipe et recruter un (ou une) chef de projet confirm\u00e9(e) pour la <strong>r\u00e9alisation d\u2019expertises \u00e9cologiques et le suivi administratif et technique des affaires<\/strong>.<\/p>\n<p><strong>Vous serez sp\u00e9cialis\u00e9(e) a minima dans un groupe, la flore et les habitats en particulier.<\/strong><\/p>\n<p>&nbsp;<\/p>\n<p>Sous la responsabilit\u00e9 du directeur d\u2019\u00e9tudes, vous devrez :<\/p>\n<ul>\n<li><strong>organiser et participer aux inventaires de terrain\u00a0;<\/strong><\/li>\n<li>contribuer \u00e0 la d\u00e9finition des enjeux \u00e9cologiques sur la base des r\u00e9f\u00e9rentiels nationaux et r\u00e9gionaux<strong>;<\/strong><\/li>\n<li>analyser les projets, appr\u00e9cier leurs impacts sur l&rsquo;environnement et contribuer \u00e0 la d\u00e9finition des mesures d\u2019\u00e9vitement, de r\u00e9duction ou \u00e0 d\u00e9faut, de compensation\u00a0;<\/li>\n<li><strong>r\u00e9diger les dossiers techniques, valider les parties r\u00e9dig\u00e9es par les charg\u00e9s d\u2019\u00e9tudes et la cartographie, <\/strong>principalement pour\u00a0:\n<ul>\n<li>des \u00e9tudes d\u2019impact \u00e9cologiques (carri\u00e8res, parcs \u00e9oliens, infrastructures lin\u00e9aires, ZAC\u2026),<\/li>\n<li>des dossiers Natura 2000,<\/li>\n<li>des d\u00e9rogations esp\u00e8ces prot\u00e9g\u00e9es,<\/li>\n<li>des plans de gestion\u2026<\/li>\n<\/ul>\n<\/li>\n<li>animer les r\u00e9unions avec la ma\u00eetrise d\u2019ouvrage, les services de l\u2019Etat, les collectivit\u00e9s territoriales, les \u00e9lus (participer \u00e0 la concertation publique) ;<\/li>\n<li>contribuer au d\u00e9veloppement du bureau d\u2019\u00e9tudes (r\u00e9ponse aux appels d\u2019offres, veille technique sur l\u2019\u00e9cologie, auditions).<\/li>\n<\/ul>\n<p><strong>\u00a0<\/strong><\/p>\n<p><strong><u>Profil recherch\u00e9 : <\/u><\/strong><\/p>\n<p>De formation Bac + 5 sp\u00e9cialis\u00e9 en \u00e9cologie, vous disposez d\u2019une <strong>exp\u00e9rience de 5 \u00e0 10 ans <\/strong>dans le domaine de l\u2019\u00e9cologie, acquise en <strong>bureau d\u2019\u00e9tudes et \/ou en association<\/strong>.<\/p>\n<p>Vous devrez d\u00e9montrer votre <strong>excellente qualit\u00e9 r\u00e9dactionnelle<\/strong>. Un grand sens des responsabilit\u00e9s et une volont\u00e9 de s\u2019investir dans le d\u00e9veloppement de l\u2019entreprise seront \u00e9galement <strong>tr\u00e8s appr\u00e9ci\u00e9s<\/strong>.<\/p>\n<p>&nbsp;<\/p>\n<p>Vous poss\u00e9dez\u00a0:<\/p>\n<ul>\n<li><strong>De tr\u00e8s bonnes connaissances g\u00e9n\u00e9ralistes du fonctionnement \u00e9cologique des milieux et leurs enjeux\u00a0;<\/strong><\/li>\n<li><strong>Une sp\u00e9cialisation sur la flore et les habitats (fortement appr\u00e9ci\u00e9e) ou sur un groupe de la faune, <\/strong><\/li>\n<li><strong>La ma\u00eetrise d\u2019autres groupes (amphibiens, reptiles, insectes\u2026),<\/strong><\/li>\n<li><strong>L\u2019exp\u00e9rience de terrain, la rigueur scientifique,<\/strong><\/li>\n<li><strong>L\u2019exp\u00e9rience manag\u00e9riale d\u2019une \u00e9quipe projet,<\/strong><\/li>\n<li><strong>La ma\u00eetrise des outils de bureautique et de cartographie (SIG).<\/strong><\/li>\n<\/ul>\n<p>&nbsp;<\/p>\n<p>Localisation : Saint-Jean-de-Braye (Orl\u00e9ans), Loiret.<\/p>\n<p>D\u00e9placements fr\u00e9quents dans la moiti\u00e9 Nord de la France (voiture de service).<\/p>\n<p>R\u00e9mun\u00e9ration : \u00e0 d\u00e9battre selon exp\u00e9rience et comp\u00e9tences dans le cadre de la grille Syntec.<\/p>\n<p><strong>Avantages sociaux :<\/strong> Tickets restaurant, primes, Plan d&rsquo;\u00e9pargne salariale, mutuelle, ch\u00e8ques vacances.<\/p>\n","protected":false},"excerpt":{"rendered":"<p>CANDIDATURE FERM\u00c9E L&rsquo;Institut d&rsquo;Ecologie Appliqu\u00e9e, bureau d&rsquo;\u00e9tudes sp\u00e9cialis\u00e9 dans l\u2019ing\u00e9nierie \u00e9cologique et environnementale, proche d\u2019Orl\u00e9ans, recrute un(e) Chef de projet \u00e9cologue confirm\u00e9(e). L&rsquo;Institut d&rsquo;\u00c9cologie Appliqu\u00e9e a r\u00e9uni une \u00e9quipe de confiance, pluridisciplinaire forte de plus d\u2019une quinzaine de sp\u00e9cialistes (environnementalistes sp\u00e9cialistes des \u00e9tudes r\u00e9glementaires, botanistes, herp\u00e9tologues, ornithologues, entomologistes, chiropt\u00e9rologues\u2026) et reconnue pour ses valeurs humaines [&hellip;]<\/p>\n","protected":false},"author":1,"featured_media":0,"comment_status":"closed","ping_status":"closed","sticky":false,"template":"","format":"standard","meta":{"footnotes":""},"categories":[2],"tags":[],"class_list":["post-74","post","type-post","status-publish","format-standard","hentry","category-offre-demploi"],"_links":{"self":[{"href":"http:\/\/iea45.fr\/actu\/wp-json\/wp\/v2\/posts\/74","targetHints":{"allow":["GET"]}}],"collection":[{"href":"http:\/\/iea45.fr\/actu\/wp-json\/wp\/v2\/posts"}],"about":[{"href":"http:\/\/iea45.fr\/actu\/wp-json\/wp\/v2\/types\/post"}],"author":[{"embeddable":true,"href":"http:\/\/iea45.fr\/actu\/wp-json\/wp\/v2\/users\/1"}],"replies":[{"embeddable":true,"href":"http:\/\/iea45.fr\/actu\/wp-json\/wp\/v2\/comments?post=74"}],"version-history":[{"count":3,"href":"http:\/\/iea45.fr\/actu\/wp-json\/wp\/v2\/posts\/74\/revisions"}],"predecessor-version":[{"id":81,"href":"http:\/\/iea45.fr\/actu\/wp-json\/wp\/v2\/posts\/74\/revisions\/81"}],"wp:attachment":[{"href":"http:\/\/iea45.fr\/actu\/wp-json\/wp\/v2\/media?parent=74"}],"wp:term":[{"taxonomy":"category","embeddable":true,"href":"http:\/\/iea45.fr\/actu\/wp-json\/wp\/v2\/categories?post=74"},{"taxonomy":"post_tag","embeddable":true,"href":"http:\/\/iea45.fr\/actu\/wp-json\/wp\/v2\/tags?post=74"}],"curies":[{"name":"wp","href":"https:\/\/api.w.org\/{rel}","templated":true}]}}