{"id":199,"date":"2024-07-16T13:53:27","date_gmt":"2024-07-16T12:53:27","guid":{"rendered":"http:\/\/iea45.fr\/actu\/?p=199"},"modified":"2024-07-16T13:53:27","modified_gmt":"2024-07-16T12:53:27","slug":"tour-de-france-de-la-biodiversite-etape-10","status":"publish","type":"post","link":"http:\/\/iea45.fr\/actu\/2024\/07\/16\/tour-de-france-de-la-biodiversite-etape-10\/","title":{"rendered":"Tour de France de la biodiversit\u00e9 &#8211; \u00c9tape 10"},"content":{"rendered":"<p style=\"text-align: center;\"><strong>La minute biodiversit\u00e9 sur le Balbuzard p\u00eacheur \u00e0 laquelle nous avons particip\u00e9 \u00e0 l&rsquo;occasion du passage du Tour de France \u00e0 Orl\u00e9ans.<\/strong><\/p>\n<div style=\"width: 634px;\" class=\"wp-video\"><!--[if lt IE 9]><script>document.createElement('video');<\/script><![endif]-->\n<video class=\"wp-video-shortcode\" id=\"video-199-1\" width=\"634\" height=\"357\" preload=\"metadata\" controls=\"controls\"><source type=\"video\/mp4\" src=\"http:\/\/iea45.fr\/actu\/wp-content\/uploads\/2024\/07\/Tour-de-France-de-la-biodiversite-Etape-10.mp4?_=1\" \/><a href=\"http:\/\/iea45.fr\/actu\/wp-content\/uploads\/2024\/07\/Tour-de-France-de-la-biodiversite-Etape-10.mp4\">http:\/\/iea45.fr\/actu\/wp-content\/uploads\/2024\/07\/Tour-de-France-de-la-biodiversite-Etape-10.mp4<\/a><\/video><\/div>\n","protected":false},"excerpt":{"rendered":"<p>La minute biodiversit\u00e9 sur le Balbuzard p\u00eacheur \u00e0 laquelle nous avons particip\u00e9 \u00e0 l&rsquo;occasion du passage du Tour de France \u00e0 Orl\u00e9ans.<\/p>\n","protected":false},"author":1,"featured_media":0,"comment_status":"closed","ping_status":"closed","sticky":false,"template":"","format":"video","meta":{"footnotes":""},"categories":[1],"tags":[],"class_list":["post-199","post","type-post","status-publish","format-video","hentry","category-uncategorized","post_format-post-format-video"],"_links":{"self":[{"href":"http:\/\/iea45.fr\/actu\/wp-json\/wp\/v2\/posts\/199","targetHints":{"allow":["GET"]}}],"collection":[{"href":"http:\/\/iea45.fr\/actu\/wp-json\/wp\/v2\/posts"}],"about":[{"href":"http:\/\/iea45.fr\/actu\/wp-json\/wp\/v2\/types\/post"}],"author":[{"embeddable":true,"href":"http:\/\/iea45.fr\/actu\/wp-json\/wp\/v2\/users\/1"}],"replies":[{"embeddable":true,"href":"http:\/\/iea45.fr\/actu\/wp-json\/wp\/v2\/comments?post=199"}],"version-history":[{"count":1,"href":"http:\/\/iea45.fr\/actu\/wp-json\/wp\/v2\/posts\/199\/revisions"}],"predecessor-version":[{"id":201,"href":"http:\/\/iea45.fr\/actu\/wp-json\/wp\/v2\/posts\/199\/revisions\/201"}],"wp:attachment":[{"href":"http:\/\/iea45.fr\/actu\/wp-json\/wp\/v2\/media?parent=199"}],"wp:term":[{"taxonomy":"category","embeddable":true,"href":"http:\/\/iea45.fr\/actu\/wp-json\/wp\/v2\/categories?post=199"},{"taxonomy":"post_tag","embeddable":true,"href":"http:\/\/iea45.fr\/actu\/wp-json\/wp\/v2\/tags?post=199"}],"curies":[{"name":"wp","href":"https:\/\/api.w.org\/{rel}","templated":true}]}}