{"id":187,"date":"2023-12-13T09:45:20","date_gmt":"2023-12-13T08:45:20","guid":{"rendered":"http:\/\/iea45.fr\/actu\/?p=187"},"modified":"2023-12-13T09:45:20","modified_gmt":"2023-12-13T08:45:20","slug":"chargee-detudes-ornithologue-chiropterologue-h-f-2","status":"publish","type":"post","link":"http:\/\/iea45.fr\/actu\/2023\/12\/13\/chargee-detudes-ornithologue-chiropterologue-h-f-2\/","title":{"rendered":"Charg\u00e9(e) d\u2019\u00e9tudes ornithologue\/chiropt\u00e9rologue (H\/F)"},"content":{"rendered":"<p><strong>L&rsquo;Institut d&rsquo;\u00c9cologie Appliqu\u00e9e, bureau d&rsquo;\u00e9tudes de 25 salari\u00e9s sp\u00e9cialis\u00e9s dans l\u2019ing\u00e9nierie \u00e9cologique et environnementale, proche d\u2019Orl\u00e9ans, recrute un(e) Charg\u00e9(e) d\u2019\u00e9tude ornithologue\/chiropt\u00e9rologue confirm\u00e9(e).<\/strong><\/p>\n<p>Depuis sa cr\u00e9ation il y a plus de 50 ans sur Orl\u00e9ans (45), l\u2019Institut d\u2019\u00c9cologie Appliqu\u00e9e (IEA) n\u2019a cess\u00e9 de promouvoir une <strong>approche humaniste de l\u2019\u00e9cologie<\/strong> visant \u00e0 concilier la protection de la biodiversit\u00e9 et l\u2019am\u00e9nagement de nos territoires.<\/p>\n<p>L&rsquo;Institut d&rsquo;\u00c9cologie Appliqu\u00e9e est compos\u00e9 d\u2019une \u00e9quipe de confiance, pluridisciplinaire, forte d&rsquo;une <strong>vingtaine de sp\u00e9cialistes<\/strong> (environnementalistes, sp\u00e9cialistes des \u00e9tudes r\u00e9glementaires, botanistes, ornithologues, entomologistes, chiropt\u00e9rologues) et reconnue pour ses valeurs humaines, son expertise et son professionnalisme.<\/p>\n<p>Entreprise \u00e0 taille humaine, l&rsquo;IEA se compose de 2 p\u00f4les de comp\u00e9tences :<\/p>\n<ul>\n<li>Les expertises \u00e9cologiques,<\/li>\n<li>Les \u00e9tudes environnementales et d\u2019am\u00e9nagement du territoire.<\/li>\n<\/ul>\n<p>Ces p\u00f4les et les sp\u00e9cialistes qui les composent interagissent et se compl\u00e8tent dans les missions qui leur sont confi\u00e9es, ce qui fait l\u2019une des forces de l\u2019IEA.<\/p>\n<p><strong>Contrat :<\/strong> CDI<\/p>\n<p><strong>Prise de fonction :<\/strong> d\u00e8s que possible<\/p>\n<p><strong>Coordonn\u00e9es pour r\u00e9pondre \u00e0 l&rsquo;offre :<\/strong> Lettre de motivation + Curriculum Vitae sont \u00e0 adresser uniquement par mail avec la r\u00e9f\u00e9rence suivante \u00ab CE ornithologue\/chiropt\u00e9rologue \u00bb \u00e0 : <a href=\"mailto:nicolas.hugot@iea45.fr\">nicolas.hugot@iea45.fr<\/a><\/p>\n<p><strong>Descriptif de l\u2019offre :<\/strong><\/p>\n<p>Sous la responsabilit\u00e9 d\u2019un chef de projet, le (la) charg\u00e9(e) d&rsquo;\u00e9tudes aura pour mission de :<\/p>\n<ul>\n<li>Pr\u00e9parer et mener des missions d\u2019inventaires de terrain sur la faune, en particulier sur les oiseaux et les chiropt\u00e8res, pour divers projets, notamment d\u2019EnR,<\/li>\n<li>Assurer les analyses \u00e9coacoustiques des enregistrements ultrasonores des chiropt\u00e8res ;<\/li>\n<li>Estimer et hi\u00e9rarchiser les enjeux li\u00e9s \u00e0 la faune patrimoniale et \u00e0 ses habitats (protection, raret\u00e9, menaces) sur la base des r\u00e9f\u00e9rentiels nationaux et r\u00e9gionaux ;<\/li>\n<li>Analyser les projets, appr\u00e9cier leurs impacts et contribuer \u00e0 la d\u00e9finition des mesures d\u2019\u00e9vitement, de r\u00e9duction ou \u00e0 d\u00e9faut, de compensation ;<\/li>\n<li>R\u00e9diger des comptes rendus d&rsquo;expertises et des rapports d&rsquo;\u00e9tudes (expertise \u00e9cologique, \u00e9tudes d\u2019ENS, dossier de demande de d\u00e9rogation, \u00e9valuation des incidences Natura 2000) ;<\/li>\n<li>Participer et appuyer le chef de projet dans les relations avec les clients, les organismes et associations li\u00e9es \u00e0 l&rsquo;environnement.<\/li>\n<\/ul>\n<p><strong>Profil recherch\u00e9 :<\/strong><\/p>\n<p>De formation Bac + 2 \u00e0 +5 sp\u00e9cialis\u00e9 en \u00e9cologie et en faune, <strong>vous disposez d\u2019une exp\u00e9rience de 1 \u00e0 3 ans<\/strong> dans le domaine, acquise en bureau d\u2019\u00e9tudes et \/ou en association.<\/p>\n<ul>\n<li>BONNE CONNAISSANCE DES CHIROPTERES : maitrise des m\u00e9thodes d\u2019inventaires, capacit\u00e9 d\u2019analyse \u00e9coacoustique sur les logiciels SONOCHIRO et BATSOUND, connaissance de l\u2019\u00e9cologie fonctionnelle des chiropt\u00e8res ;<\/li>\n<li>BONNE CONNAISSANCE DES OISEAUX : reconnaissance des oiseaux au chant et \u00e0 la vue ainsi que des habitats d&rsquo;esp\u00e8ces, ma\u00eetrise des techniques d&rsquo;inventaires, \u00e9cologie ;<\/li>\n<li>Connaissances g\u00e9n\u00e9ralistes sur le fonctionnement \u00e9cologique des milieux et leurs enjeux ;<\/li>\n<li>Exp\u00e9rience de terrain,<\/li>\n<li>Capacit\u00e9 \u00e0 travailler en \u00e9quipe, rigueur scientifique,<\/li>\n<li>Capacit\u00e9 de synth\u00e8se et de r\u00e9daction,<\/li>\n<li>Ma\u00eetrise des outils de bureautique, connaissance en cartographie et SIG.<\/li>\n<\/ul>\n<p>Un test sera r\u00e9alis\u00e9 lors de l&rsquo;entretien.<\/p>\n<p><strong>D\u00e9tails du poste \u00e0 pourvoir :<\/strong><\/p>\n<ul>\n<li>Localisation : Saint-Jean-de-Braye (Orl\u00e9ans), Loiret.<\/li>\n<li>D\u00e9placements fr\u00e9quents dans la moiti\u00e9 Nord de la France (voiture de service).<\/li>\n<li>R\u00e9mun\u00e9ration : \u00e0 d\u00e9battre selon exp\u00e9rience et comp\u00e9tences dans le cadre de la grille Syntec.<\/li>\n<\/ul>\n<p><strong>Avantages sociaux :<\/strong> Tickets restaurant, prime de vacances, Plan d&rsquo;\u00e9pargne salariale, Plan d\u2019\u00e9pargne retraite, participation, int\u00e9ressement, mutuelle prise en charge \u00e0 100 %, ch\u00e8ques vacances.<\/p>\n","protected":false},"excerpt":{"rendered":"<p>L&rsquo;Institut d&rsquo;\u00c9cologie Appliqu\u00e9e, bureau d&rsquo;\u00e9tudes de 25 salari\u00e9s sp\u00e9cialis\u00e9s dans l\u2019ing\u00e9nierie \u00e9cologique et environnementale, proche d\u2019Orl\u00e9ans, recrute un(e) Charg\u00e9(e) d\u2019\u00e9tude ornithologue\/chiropt\u00e9rologue confirm\u00e9(e). Depuis sa cr\u00e9ation il y a plus de 50 ans sur Orl\u00e9ans (45), l\u2019Institut d\u2019\u00c9cologie Appliqu\u00e9e (IEA) n\u2019a cess\u00e9 de promouvoir une approche humaniste de l\u2019\u00e9cologie visant \u00e0 concilier la protection de la [&hellip;]<\/p>\n","protected":false},"author":1,"featured_media":0,"comment_status":"closed","ping_status":"closed","sticky":false,"template":"","format":"standard","meta":{"footnotes":""},"categories":[2],"tags":[],"class_list":["post-187","post","type-post","status-publish","format-standard","hentry","category-offre-demploi"],"_links":{"self":[{"href":"http:\/\/iea45.fr\/actu\/wp-json\/wp\/v2\/posts\/187","targetHints":{"allow":["GET"]}}],"collection":[{"href":"http:\/\/iea45.fr\/actu\/wp-json\/wp\/v2\/posts"}],"about":[{"href":"http:\/\/iea45.fr\/actu\/wp-json\/wp\/v2\/types\/post"}],"author":[{"embeddable":true,"href":"http:\/\/iea45.fr\/actu\/wp-json\/wp\/v2\/users\/1"}],"replies":[{"embeddable":true,"href":"http:\/\/iea45.fr\/actu\/wp-json\/wp\/v2\/comments?post=187"}],"version-history":[{"count":1,"href":"http:\/\/iea45.fr\/actu\/wp-json\/wp\/v2\/posts\/187\/revisions"}],"predecessor-version":[{"id":188,"href":"http:\/\/iea45.fr\/actu\/wp-json\/wp\/v2\/posts\/187\/revisions\/188"}],"wp:attachment":[{"href":"http:\/\/iea45.fr\/actu\/wp-json\/wp\/v2\/media?parent=187"}],"wp:term":[{"taxonomy":"category","embeddable":true,"href":"http:\/\/iea45.fr\/actu\/wp-json\/wp\/v2\/categories?post=187"},{"taxonomy":"post_tag","embeddable":true,"href":"http:\/\/iea45.fr\/actu\/wp-json\/wp\/v2\/tags?post=187"}],"curies":[{"name":"wp","href":"https:\/\/api.w.org\/{rel}","templated":true}]}}