{"id":178,"date":"2023-09-12T08:13:07","date_gmt":"2023-09-12T07:13:07","guid":{"rendered":"http:\/\/iea45.fr\/actu\/?p=178"},"modified":"2023-10-06T14:44:38","modified_gmt":"2023-10-06T13:44:38","slug":"charge-e-detudes-environnement-h-f","status":"publish","type":"post","link":"http:\/\/iea45.fr\/actu\/2023\/09\/12\/charge-e-detudes-environnement-h-f\/","title":{"rendered":"Charg\u00e9 (e) d\u2019\u00e9tudes environnement (H\/F)"},"content":{"rendered":"<h1 class=\"has-vivid-red-color has-cyan-bluish-gray-background-color has-text-color has-background\"><span style=\"color: #ff0000;\"><strong>CANDIDATURE FERM\u00c9E<\/strong><\/span><\/h1>\n<p>&nbsp;<\/p>\n<p><strong>L&rsquo;Institut d&rsquo;\u00c9cologie Appliqu\u00e9e, bureau d&rsquo;\u00e9tudes de 25 salari\u00e9s sp\u00e9cialis\u00e9 dans l\u2019ing\u00e9nierie \u00e9cologique et environnementale, proche d\u2019Orl\u00e9ans, recrute un(e) charg\u00e9 (e) d\u2019\u00e9tudes environnement.<\/strong><\/p>\n<p>Depuis sa cr\u00e9ation il y a 50 ans sur Orl\u00e9ans (45), l\u2019Institut d\u2019\u00c9cologie Appliqu\u00e9e (IEA) n\u2019a cess\u00e9 de promouvoir une <strong>approche humaniste de l\u2019\u00e9cologie<\/strong> visant \u00e0 concilier la protection de la biodiversit\u00e9 et l\u2019am\u00e9nagement de nos territoires.<\/p>\n<p>L&rsquo;Institut d&rsquo;\u00c9cologie Appliqu\u00e9e est compos\u00e9 d\u2019une \u00e9quipe de confiance, pluridisciplinaire forte d&rsquo;une <strong>vingtaine de sp\u00e9cialistes<\/strong> (environnementalistes sp\u00e9cialistes des \u00e9tudes r\u00e9glementaires, botanistes, ornithologues, entomologistes, chiropt\u00e9rologues) et reconnue pour ses valeurs humaines, son expertise et son professionnalisme.<\/p>\n<p>Entreprise \u00e0 taille humaine, l&rsquo;IEA se compose de 2 p\u00f4les de comp\u00e9tences :<\/p>\n<ul>\n<li>expertises \u00e9cologiques,<\/li>\n<li>\u00e9tudes environnementales et am\u00e9nagement du territoire.<\/li>\n<\/ul>\n<p>Ces p\u00f4les et les sp\u00e9cialistes qui les composent interagissent et se compl\u00e8tent dans les missions qui leurs sont confi\u00e9es, ce qui fait l\u2019une des forces de l\u2019IEA.<\/p>\n<p><strong>Contrat :<\/strong> CDI<\/p>\n<p><strong>Prise de fonction :<\/strong> D\u00e8s que possible<\/p>\n<p><strong>Coordonn\u00e9es pour r\u00e9pondre \u00e0 l&rsquo;offre :<\/strong> Lettre de motivation + Curriculum Vitae sont \u00e0 adresser uniquement par mail avec la r\u00e9f\u00e9rence suivante \u00ab CE Environnement 2023 \u00bb \u00e0 : <a href=\"mailto:magali.cormery@iea45.fr\">magali.cormery@iea45.fr<\/a><\/p>\n<p><strong>Descriptif de l\u2019offre :<\/strong><\/p>\n<p>L\u2019Institut d\u2019\u00c9cologie Appliqu\u00e9 souhaite renforcer son \u00e9quipe et recruter un (ou une) charg\u00e9(e) d\u2019\u00e9tudes pour la r\u00e9alisation d\u2019\u00e9tudes environnementales de projets \u00e0 savoir :<\/p>\n<ul>\n<li>\u00e9tude d\u2019impact,<\/li>\n<li>demande d\u2019examen au cas par cas,<\/li>\n<li>dossier de d\u00e9claration loi sur l\u2019eau (IOTA),<\/li>\n<li>dossier de demande d\u2019autorisation environnementale,<\/li>\n<\/ul>\n<p>Les projets sont notamment des am\u00e9nagements urbains, des lotissements, des industries et des projets d\u2019\u00e9nergies renouvelables (photovolta\u00efque, \u00e9olien).<br \/>\nSous la responsabilit\u00e9 du responsable de p\u00f4le et\/ou du chef de projet, vous devrez :<\/p>\n<ul>\n<li>rassembler les \u00e9l\u00e9ments de connaissance pour \u00e9laborer un diagnostic environnemental ;<\/li>\n<li>contribuer \u00e0 la d\u00e9finition des enjeux environnementaux ;<\/li>\n<li>analyser les projets, appr\u00e9cier leurs impacts sur l&rsquo;environnement et contribuer \u00e0 la d\u00e9finition des mesures d\u2019\u00e9vitement, de r\u00e9duction ou \u00e0 d\u00e9faut, de compensation ;<\/li>\n<li>r\u00e9diger les dossiers r\u00e9glementaires li\u00e9s au projet (principalement des \u00e9tudes d\u2019impact et des dossiers loi sur l\u2019eau) ;<\/li>\n<li>participer aux r\u00e9unions avec le chef de projet.<\/li>\n<\/ul>\n<p><strong>Comp\u00e9tences requises :<\/strong><\/p>\n<ul>\n<li>Vous avez une approche pluridisciplinaire et vous ma\u00eetrisez la r\u00e9daction des dossiers r\u00e9glementaires de projets \u00e0 enjeux.<\/li>\n<li>Vous avez des comp\u00e9tences en hydraulique (gestion des eaux de ruissellement, restauration de la continuit\u00e9 hydraulique de cours d\u2019eau, &#8230;<\/li>\n<li>Vous avez une bonne connaissance des politiques d\u2019am\u00e9nagement du territoire, de la r\u00e9glementation et des structures en charge de l\u2019environnement et de la protection des milieux naturels.<\/li>\n<li>Une ma\u00eetrise de la compr\u00e9hension du fonctionnement des \u00e9cosyst\u00e8mes serait un plus.<\/li>\n<li>Vous ma\u00eetrisez les outils bureautiques courants.<\/li>\n<li>Vous devrez d\u00e9montrer votre excellente qualit\u00e9 r\u00e9dactionnelle. Un grand sens des responsabilit\u00e9s et une volont\u00e9 de s\u2019investir dans le d\u00e9veloppement de l\u2019entreprise seront tr\u00e8s appr\u00e9ci\u00e9s.<\/li>\n<\/ul>\n<p><strong>Profil recherch\u00e9 :<\/strong><\/p>\n<p>De formation Bac + 5 sp\u00e9cialis\u00e9e en gestion de l\u2019environnement, <strong>vous disposez d\u2019une exp\u00e9rience de 1 \u00e0 3 ans<\/strong> en \u00e9laboration de dossiers r\u00e9glementaires (\u00e9tudes d\u2019impact, dossiers loi sur l\u2019eau).<\/p>\n<p><strong>D\u00e9tails du poste \u00e0 pourvoir :<\/strong><\/p>\n<ul>\n<li>Localisation : Saint-Jean-de-Braye (Orl\u00e9ans) Loiret, b\u00e9n\u00e9ficiant d\u2019un cadre de vie agr\u00e9able \u00e0 1h de Paris.<\/li>\n<li>D\u00e9placements r\u00e9guliers dans la moiti\u00e9 Nord de la France (voiture de service).<\/li>\n<li>R\u00e9mun\u00e9ration : \u00e0 d\u00e9battre selon exp\u00e9rience et comp\u00e9tences dans le cadre de la grille Syntec.<\/li>\n<\/ul>\n<p><strong>Avantages sociaux :<\/strong> Tickets restaurant, prime de vacances, Plan d&rsquo;\u00e9pargne salariale, Plan d\u2019\u00e9pargne retraite, participation, int\u00e9ressement, mutuelle prise en charge \u00e0 100 %, ch\u00e8ques vacances.<\/p>\n","protected":false},"excerpt":{"rendered":"<p>CANDIDATURE FERM\u00c9E &nbsp; L&rsquo;Institut d&rsquo;\u00c9cologie Appliqu\u00e9e, bureau d&rsquo;\u00e9tudes de 25 salari\u00e9s sp\u00e9cialis\u00e9 dans l\u2019ing\u00e9nierie \u00e9cologique et environnementale, proche d\u2019Orl\u00e9ans, recrute un(e) charg\u00e9 (e) d\u2019\u00e9tudes environnement. Depuis sa cr\u00e9ation il y a 50 ans sur Orl\u00e9ans (45), l\u2019Institut d\u2019\u00c9cologie Appliqu\u00e9e (IEA) n\u2019a cess\u00e9 de promouvoir une approche humaniste de l\u2019\u00e9cologie visant \u00e0 concilier la protection de [&hellip;]<\/p>\n","protected":false},"author":1,"featured_media":0,"comment_status":"closed","ping_status":"closed","sticky":false,"template":"","format":"standard","meta":{"footnotes":""},"categories":[2],"tags":[],"class_list":["post-178","post","type-post","status-publish","format-standard","hentry","category-offre-demploi"],"_links":{"self":[{"href":"http:\/\/iea45.fr\/actu\/wp-json\/wp\/v2\/posts\/178","targetHints":{"allow":["GET"]}}],"collection":[{"href":"http:\/\/iea45.fr\/actu\/wp-json\/wp\/v2\/posts"}],"about":[{"href":"http:\/\/iea45.fr\/actu\/wp-json\/wp\/v2\/types\/post"}],"author":[{"embeddable":true,"href":"http:\/\/iea45.fr\/actu\/wp-json\/wp\/v2\/users\/1"}],"replies":[{"embeddable":true,"href":"http:\/\/iea45.fr\/actu\/wp-json\/wp\/v2\/comments?post=178"}],"version-history":[{"count":3,"href":"http:\/\/iea45.fr\/actu\/wp-json\/wp\/v2\/posts\/178\/revisions"}],"predecessor-version":[{"id":183,"href":"http:\/\/iea45.fr\/actu\/wp-json\/wp\/v2\/posts\/178\/revisions\/183"}],"wp:attachment":[{"href":"http:\/\/iea45.fr\/actu\/wp-json\/wp\/v2\/media?parent=178"}],"wp:term":[{"taxonomy":"category","embeddable":true,"href":"http:\/\/iea45.fr\/actu\/wp-json\/wp\/v2\/categories?post=178"},{"taxonomy":"post_tag","embeddable":true,"href":"http:\/\/iea45.fr\/actu\/wp-json\/wp\/v2\/tags?post=178"}],"curies":[{"name":"wp","href":"https:\/\/api.w.org\/{rel}","templated":true}]}}