{"id":172,"date":"2022-10-06T08:05:18","date_gmt":"2022-10-06T07:05:18","guid":{"rendered":"https:\/\/iea45.fr\/actu\/?p=172"},"modified":"2023-07-20T07:57:11","modified_gmt":"2023-07-20T06:57:11","slug":"chef-de-projets-environnement-confirme-h-f-2","status":"publish","type":"post","link":"http:\/\/iea45.fr\/actu\/2022\/10\/06\/chef-de-projets-environnement-confirme-h-f-2\/","title":{"rendered":"Chef de projets environnement confirm\u00e9 (H\/F)"},"content":{"rendered":"<h1 class=\"has-vivid-red-color has-cyan-bluish-gray-background-color has-text-color has-background\"><span style=\"color: #ff0000;\"><strong>CANDIDATURE FERM\u00c9E<\/strong><\/span><\/h1>\n<p>&nbsp;<\/p>\n<p>&nbsp;<\/p>\n<p><strong>L&rsquo;Institut d&rsquo;\u00c9cologie Appliqu\u00e9e, bureau d&rsquo;\u00e9tudes sp\u00e9cialis\u00e9 dans l\u2019ing\u00e9nierie \u00e9cologique et environnementale, proche d\u2019Orl\u00e9ans, recrute un(e) Chef(fe) de Projets environnement.<\/strong><\/p>\n<p>Depuis sa cr\u00e9ation il y a 50 ans sur Orl\u00e9ans (45), l\u2019Institut d\u2019\u00c9cologie Appliqu\u00e9e (IEA) n\u2019a cess\u00e9 de promouvoir une <strong>approche humaniste de l\u2019\u00e9cologie<\/strong> visant \u00e0 concilier la protection de la biodiversit\u00e9 et l\u2019am\u00e9nagement de nos territoires.<\/p>\n<p>L&rsquo;Institut d&rsquo;\u00c9cologie Appliqu\u00e9e est compos\u00e9 d\u2019une \u00e9quipe de confiance, pluridisciplinaire forte d&rsquo;une <strong>quinzaine de sp\u00e9cialistes<\/strong> (environnementalistes sp\u00e9cialistes des \u00e9tudes r\u00e9glementaires, botanistes, ornithologues, entomologistes, chiropt\u00e9rologues) et reconnue pour ses valeurs humaines, son expertise et son professionnalisme.<\/p>\n<p>Entreprise \u00e0 taille humaine, l&rsquo;IEA se compose de 2 p\u00f4les de comp\u00e9tences :<\/p>\n<ul>\n<li>expertises \u00e9cologiques,<\/li>\n<li>\u00e9tudes environnementales et am\u00e9nagement du territoire.<\/li>\n<\/ul>\n<p>Ces p\u00f4les et les sp\u00e9cialistes qui les composent interagissent et se compl\u00e8tent dans les missions qui leurs sont confi\u00e9es, ce qui fait l\u2019une des forces de l\u2019IEA.<\/p>\n<p>&nbsp;<\/p>\n<p><strong>Contrat<\/strong> : CDI<\/p>\n<p><strong>Prise de fonction :<\/strong> D\u00e8s que possible<\/p>\n<p><strong>Coordonn\u00e9es pour r\u00e9pondre \u00e0 l&rsquo;offre<\/strong> : Lettre de motivation + Curriculum Vitae sont \u00e0 adresser uniquement par mail avec la r\u00e9f\u00e9rence suivante \u00ab\u00a0CP Environnement 2022\u00a0\u00bb \u00e0 : <a href=\"mailto:magali.cormery@iea45.fr\">magali.cormery@iea45.fr<\/a><\/p>\n<p><strong><u>Descriptif de l\u2019offre<\/u><\/strong><strong>\u00a0:<\/strong><\/p>\n<p>L\u2019Institut d\u2019\u00c9cologie Appliqu\u00e9 souhaite renforcer son \u00e9quipe et recruter un (ou une) chef(fe) de projets pour la <strong>r\u00e9alisation :<\/strong><\/p>\n<ul>\n<li><strong>d\u2019\u00e9tudes environnementales de documents d\u2019urbanisme\u00a0<\/strong>(PLU, PLUi, SCoT)\u00a0: \u00e9valuation environnementale, diagnostic environnemental, \u2026<\/li>\n<li><strong>d\u2019\u00e9tudes environnementales de projets\u00a0: <\/strong>\u00e9tude d\u2019impact, dossier loi sur l\u2019eau, demande d\u2019examen au cas par cas, \u00e9valuation environnementale, dossier de demande d\u2019autorisation environnementale, &#8230;<\/li>\n<\/ul>\n<p>Sous la responsabilit\u00e9 du directeur d\u2019\u00e9tudes, vous devrez :<\/p>\n<ul>\n<li><strong>rassembler les \u00e9l\u00e9ments de connaissance pour \u00e9laborer un diagnostic environnemental d\u2019un territoire\u00a0;<\/strong><\/li>\n<li>contribuer \u00e0 la d\u00e9finition des enjeux environnementaux<strong>;<\/strong><\/li>\n<li>analyser les projets, appr\u00e9cier leurs impacts sur l&rsquo;environnement et contribuer \u00e0 la d\u00e9finition des mesures d\u2019\u00e9vitement, de r\u00e9duction ou \u00e0 d\u00e9faut, de compensation\u00a0;<\/li>\n<li>r\u00e9diger les dossiers r\u00e9glementaires li\u00e9s \u00e0 l\u2019am\u00e9nagement du territoire (principalement des \u00e9tudes d\u2019impact et dossier loi sur l\u2019eau) ;<\/li>\n<li>animer les r\u00e9unions avec la ma\u00eetrise d\u2019ouvrage, les services de l\u2019Etat, les collectivit\u00e9s territoriales, les \u00e9lus (participer \u00e0 la concertation publique) ;<\/li>\n<li>contribuer au d\u00e9veloppement du bureau d\u2019\u00e9tudes (r\u00e9ponse aux appels d\u2019offres, auditions).<\/li>\n<\/ul>\n<p><strong><u>Comp\u00e9tences requises<\/u><\/strong><strong>\u00a0:<\/strong><\/p>\n<p>Vous avez une approche pluridisciplinaire et vous ma\u00eetrisez <strong>les outils d\u2019am\u00e9nagement du territoire et la r\u00e9daction des dossiers r\u00e9glementaires<\/strong> de projets \u00e0 enjeux. Vous avez une bonne connaissance des politiques d\u2019am\u00e9nagement du territoire, de la r\u00e9glementation et des structures en charge de l\u2019environnement et de la protection des milieux naturels. Une ma\u00eetrise de la compr\u00e9hension du fonctionnement des \u00e9cosyst\u00e8mes serait un plus. Vous ma\u00eetrisez les outils bureautiques courants.<\/p>\n<p>Des <strong>r\u00e9f\u00e9rences sur des dossiers r\u00e9glementaires<\/strong> \u00e0 l\u2019\u00e9chelle de documents d\u2019urbanisme (PLU, PLUi, SCoT) et d\u2019op\u00e9rations d\u2019am\u00e9nagement (\u00e9tude d\u2019impact et dossier loi sur l\u2019eau pour des projets de ZAC) sont primordiales, de m\u00eame que la connaissance des institutions du territoire (collectivit\u00e9s, DDT, DREAL\/DRIEE-if) et des politiques publiques.<\/p>\n<p>Vous devrez d\u00e9montrer votre <strong>excellente qualit\u00e9 r\u00e9dactionnelle<\/strong>. Un grand sens des responsabilit\u00e9s et une volont\u00e9 de s\u2019investir dans le d\u00e9veloppement de l\u2019entreprise seront <strong>tr\u00e8s appr\u00e9ci\u00e9s<\/strong>.<\/p>\n<p><strong><u>Profil recherch\u00e9<\/u><\/strong><strong>\u00a0:<\/strong><\/p>\n<p>De formation Bac + 5 sp\u00e9cialis\u00e9e en gestion de l\u2019environnement, vous disposez d\u2019une <strong>exp\u00e9rience de 3 ans minimum <\/strong>en \u00e9laboration de dossiers r\u00e8glementaires pour des documents d\u2019urbanisme, des op\u00e9rations urbaines et\/ou des projets d\u2019am\u00e9nagement acquise en <strong>bureau d\u2019\u00e9tudes<\/strong>.<\/p>\n<p><strong><u>D\u00e9tails du poste \u00e0 pourvoir<\/u><\/strong><strong>\u00a0:<\/strong><\/p>\n<p>Localisation\u00a0: Saint-Jean-de-Braye (Orl\u00e9ans) Loiret, b\u00e9n\u00e9ficiant d\u2019un cadre de vie agr\u00e9able \u00e0 1h de Paris.<\/p>\n<p>D\u00e9placements r\u00e9guliers dans la moiti\u00e9 Nord de la France (voiture de service).<\/p>\n<p>R\u00e9mun\u00e9ration : \u00e0 d\u00e9battre selon exp\u00e9rience et comp\u00e9tences dans le cadre de la grille Syntec.<\/p>\n<p><strong>Avantages sociaux :<\/strong> Tickets restaurant, prime de vacances, Plan d&rsquo;\u00e9pargne salariale, Plan d\u2019\u00e9pargne retraite, participation, int\u00e9ressement, mutuelle prise en charge \u00e0 100 %, ch\u00e8ques vacances.<\/p>\n","protected":false},"excerpt":{"rendered":"<p>CANDIDATURE FERM\u00c9E &nbsp; &nbsp; L&rsquo;Institut d&rsquo;\u00c9cologie Appliqu\u00e9e, bureau d&rsquo;\u00e9tudes sp\u00e9cialis\u00e9 dans l\u2019ing\u00e9nierie \u00e9cologique et environnementale, proche d\u2019Orl\u00e9ans, recrute un(e) Chef(fe) de Projets environnement. Depuis sa cr\u00e9ation il y a 50 ans sur Orl\u00e9ans (45), l\u2019Institut d\u2019\u00c9cologie Appliqu\u00e9e (IEA) n\u2019a cess\u00e9 de promouvoir une approche humaniste de l\u2019\u00e9cologie visant \u00e0 concilier la protection de la biodiversit\u00e9 [&hellip;]<\/p>\n","protected":false},"author":1,"featured_media":0,"comment_status":"closed","ping_status":"closed","sticky":false,"template":"","format":"standard","meta":{"footnotes":""},"categories":[2],"tags":[],"class_list":["post-172","post","type-post","status-publish","format-standard","hentry","category-offre-demploi"],"_links":{"self":[{"href":"http:\/\/iea45.fr\/actu\/wp-json\/wp\/v2\/posts\/172","targetHints":{"allow":["GET"]}}],"collection":[{"href":"http:\/\/iea45.fr\/actu\/wp-json\/wp\/v2\/posts"}],"about":[{"href":"http:\/\/iea45.fr\/actu\/wp-json\/wp\/v2\/types\/post"}],"author":[{"embeddable":true,"href":"http:\/\/iea45.fr\/actu\/wp-json\/wp\/v2\/users\/1"}],"replies":[{"embeddable":true,"href":"http:\/\/iea45.fr\/actu\/wp-json\/wp\/v2\/comments?post=172"}],"version-history":[{"count":2,"href":"http:\/\/iea45.fr\/actu\/wp-json\/wp\/v2\/posts\/172\/revisions"}],"predecessor-version":[{"id":176,"href":"http:\/\/iea45.fr\/actu\/wp-json\/wp\/v2\/posts\/172\/revisions\/176"}],"wp:attachment":[{"href":"http:\/\/iea45.fr\/actu\/wp-json\/wp\/v2\/media?parent=172"}],"wp:term":[{"taxonomy":"category","embeddable":true,"href":"http:\/\/iea45.fr\/actu\/wp-json\/wp\/v2\/categories?post=172"},{"taxonomy":"post_tag","embeddable":true,"href":"http:\/\/iea45.fr\/actu\/wp-json\/wp\/v2\/tags?post=172"}],"curies":[{"name":"wp","href":"https:\/\/api.w.org\/{rel}","templated":true}]}}