{"id":162,"date":"2021-12-16T08:41:40","date_gmt":"2021-12-16T07:41:40","guid":{"rendered":"https:\/\/iea45.fr\/actu\/?p=162"},"modified":"2022-10-06T08:00:30","modified_gmt":"2022-10-06T07:00:30","slug":"chef-de-projet-fauniste-confirme-h-f","status":"publish","type":"post","link":"http:\/\/iea45.fr\/actu\/2021\/12\/16\/chef-de-projet-fauniste-confirme-h-f\/","title":{"rendered":"Chef de projet fauniste confirm\u00e9 (H\/F)"},"content":{"rendered":"<h1 class=\"has-vivid-red-color has-cyan-bluish-gray-background-color has-text-color has-background\"><span style=\"color: #ff0000;\"><strong>CANDIDATURE FERM\u00c9E<\/strong><\/span><\/h1>\n<p>&nbsp;<\/p>\n<p><b><span data-contrast=\"auto\">L&rsquo;Institut d&rsquo;Ecologie Appliqu\u00e9e, bureau d&rsquo;\u00e9tudes sp\u00e9cialis\u00e9 dans l\u2019ing\u00e9nierie \u00e9cologique et environnementale, proche d\u2019Orl\u00e9ans, recrute un(e)\u00a0Chef\u00a0de projet\u00a0fauniste\u00a0confirm\u00e9(e).<\/span><\/b><span data-ccp-props=\"{&quot;201341983&quot;:0,&quot;335551550&quot;:6,&quot;335551620&quot;:6,&quot;335559739&quot;:160,&quot;335559740&quot;:259}\">\u00a0<\/span><\/p>\n<p><span data-contrast=\"none\">L&rsquo;Institut d&rsquo;\u00c9cologie Appliqu\u00e9e\u00a0est compos\u00e9\u00a0d\u2019une \u00e9quipe de confiance,\u00a0pluridisciplinaire forte\u00a0d\u2019une\u00a0<\/span><b><span data-contrast=\"none\">quinzaine de sp\u00e9cialistes<\/span><\/b><span data-contrast=\"none\">\u00a0(environnementalistes sp\u00e9cialistes des \u00e9tudes r\u00e9glementaires, botanistes,\u00a0herp\u00e9tologues,\u00a0ornithologues, entomologistes, chiropt\u00e9rologues\u2026) et reconnu pour ses valeurs humaines, son expertise\u00a0et son professionnalisme.\u00a0<\/span><span data-ccp-props=\"{&quot;201341983&quot;:0,&quot;335551550&quot;:6,&quot;335551620&quot;:6,&quot;335559739&quot;:160,&quot;335559740&quot;:259}\">\u00a0<\/span><\/p>\n<p><span data-contrast=\"none\">Entreprise \u00e0 taille humaine,\u00a0<\/span><b><span data-contrast=\"none\">ayant le go\u00fbt du travail bien fait<\/span><\/b><span data-contrast=\"none\">, l&rsquo;IEA se compose de 2 p\u00f4les\u00a0de\u00a0comp\u00e9tences\u00a0:<\/span><span data-ccp-props=\"{&quot;201341983&quot;:0,&quot;335551550&quot;:6,&quot;335551620&quot;:6,&quot;335559739&quot;:160,&quot;335559740&quot;:259,&quot;469777462&quot;:[7363],&quot;469777927&quot;:[0],&quot;469777928&quot;:[1]}\">\u00a0<\/span><\/p>\n<ul>\n<li data-leveltext=\"\uf0b7\" data-font=\"Symbol\" data-listid=\"4\" aria-setsize=\"-1\" data-aria-posinset=\"1\" data-aria-level=\"1\"><span data-contrast=\"none\">expertises\u00a0\u00e9cologiques,<\/span><span data-ccp-props=\"{&quot;201341983&quot;:0,&quot;335551550&quot;:6,&quot;335551620&quot;:6,&quot;335559685&quot;:709,&quot;335559739&quot;:160,&quot;335559740&quot;:240}\">\u00a0<\/span><\/li>\n<li data-leveltext=\"\uf0b7\" data-font=\"Symbol\" data-listid=\"4\" aria-setsize=\"-1\" data-aria-posinset=\"2\" data-aria-level=\"1\"><span data-contrast=\"none\">\u00e9tudes\u00a0environnementales et am\u00e9nagement du territoire.<\/span><span data-ccp-props=\"{&quot;201341983&quot;:0,&quot;335551550&quot;:6,&quot;335551620&quot;:6,&quot;335559685&quot;:709,&quot;335559739&quot;:160,&quot;335559740&quot;:240}\">\u00a0<\/span><\/li>\n<\/ul>\n<p><span data-contrast=\"none\">Ces p\u00f4les et les sp\u00e9cialistes qui les composent interagissent et se compl\u00e8tent\u00a0dans les\u00a0missions qui leur sont confi\u00e9es, ce qui fait l\u2019une des forces de l\u2019IEA.<\/span><span data-ccp-props=\"{&quot;201341983&quot;:0,&quot;335551550&quot;:6,&quot;335551620&quot;:6,&quot;335559739&quot;:160,&quot;335559740&quot;:259,&quot;469777462&quot;:[7363],&quot;469777927&quot;:[0],&quot;469777928&quot;:[1]}\">\u00a0<\/span><\/p>\n<p><b><span data-contrast=\"auto\">Contrat<\/span><\/b><span data-contrast=\"auto\">\u00a0: CDI temps plein<\/span><span data-ccp-props=\"{&quot;201341983&quot;:0,&quot;335551550&quot;:6,&quot;335551620&quot;:6,&quot;335559739&quot;:160,&quot;335559740&quot;:259}\">\u00a0<\/span><\/p>\n<p><b><span data-contrast=\"auto\">Prise de fonction :<\/span><\/b><span data-contrast=\"auto\">\u00a0D\u00e8s que possible<\/span><span data-ccp-props=\"{&quot;201341983&quot;:0,&quot;335551550&quot;:6,&quot;335551620&quot;:6,&quot;335559739&quot;:160,&quot;335559740&quot;:259}\">\u00a0<\/span><\/p>\n<p><b><span data-contrast=\"auto\">Coordonn\u00e9es pour r\u00e9pondre \u00e0 l&rsquo;offre<\/span><\/b><span data-contrast=\"auto\">\u00a0: Lettre de motivation + Curriculum Vitae sont \u00e0 adresser uniquement par mail avec la r\u00e9f\u00e9rence suivante \u00ab\u202fCP Ecologue\u202f\u00bb \u00e0\u00a0:\u00a0<\/span><a href=\"mailto:nicolas.hugot@iea45.fr\"><span data-contrast=\"none\">nicolas.hugot@iea45.fr<\/span><\/a><span data-ccp-props=\"{&quot;201341983&quot;:0,&quot;335551550&quot;:6,&quot;335551620&quot;:6,&quot;335559739&quot;:160,&quot;335559740&quot;:259}\">\u00a0<\/span><\/p>\n<p><b><span data-contrast=\"auto\">Descriptif de l\u2019offre\u202f:<\/span><\/b><span data-ccp-props=\"{&quot;201341983&quot;:0,&quot;335551550&quot;:6,&quot;335551620&quot;:6,&quot;335559739&quot;:160,&quot;335559740&quot;:276}\">\u00a0<\/span><\/p>\n<p><span data-contrast=\"auto\">L\u2019Institut d\u2019\u00c9cologie Appliqu\u00e9 souhaite renforcer son \u00e9quipe et recruter un (ou une) chef de projet confirm\u00e9(e) pour la\u00a0<\/span><b><span data-contrast=\"auto\">r\u00e9alisation d\u2019expertises \u00e9cologiques\u00a0et le suivi administratif et technique des\u00a0affaires<\/span><\/b><span data-contrast=\"auto\">.<\/span><span data-ccp-props=\"{&quot;201341983&quot;:0,&quot;335551550&quot;:6,&quot;335551620&quot;:6,&quot;335559739&quot;:160,&quot;335559740&quot;:276}\">\u00a0<\/span><\/p>\n<p><span data-contrast=\"auto\">Vous serez sp\u00e9cialis\u00e9(e)\u00a0a\u00a0minima dans un groupe\u00a0taxonomique,\u00a0les oiseaux\u00a0en particulier.<\/span><span data-ccp-props=\"{&quot;201341983&quot;:0,&quot;335551550&quot;:6,&quot;335551620&quot;:6,&quot;335559739&quot;:160,&quot;335559740&quot;:276}\">\u00a0<\/span><\/p>\n<p><span data-contrast=\"auto\">Sous la responsabilit\u00e9 du directeur d\u2019\u00e9tudes, vous devrez :<\/span><span data-ccp-props=\"{&quot;201341983&quot;:0,&quot;335551550&quot;:6,&quot;335551620&quot;:6,&quot;335559739&quot;:160,&quot;335559740&quot;:276}\">\u00a0<\/span><\/p>\n<ul>\n<li data-leveltext=\"\uf0b7\" data-font=\"Symbol\" data-listid=\"5\" aria-setsize=\"-1\" data-aria-posinset=\"1\" data-aria-level=\"1\"><span data-contrast=\"auto\">organiser\u00a0et participer aux inventaires de terrain\u00a0dans votre sp\u00e9cialit\u00e9\u202f;<\/span><span data-ccp-props=\"{&quot;134233279&quot;:true,&quot;201341983&quot;:0,&quot;335551550&quot;:6,&quot;335551620&quot;:6,&quot;335559739&quot;:160,&quot;335559740&quot;:276}\">\u00a0<\/span><\/li>\n<li data-leveltext=\"\uf0b7\" data-font=\"Symbol\" data-listid=\"5\" aria-setsize=\"-1\" data-aria-posinset=\"2\" data-aria-level=\"1\"><span data-contrast=\"auto\">contribuer\u00a0\u00e0 la d\u00e9finition des enjeux \u00e9cologiques sur la base des r\u00e9f\u00e9rentiels nationaux et r\u00e9gionaux<\/span><span data-contrast=\"auto\">\u202f;<\/span><span data-ccp-props=\"{&quot;134233279&quot;:true,&quot;201341983&quot;:0,&quot;335551550&quot;:6,&quot;335551620&quot;:6,&quot;335559739&quot;:160,&quot;335559740&quot;:276}\">\u00a0<\/span><\/li>\n<li data-leveltext=\"\uf0b7\" data-font=\"Symbol\" data-listid=\"5\" aria-setsize=\"-1\" data-aria-posinset=\"3\" data-aria-level=\"1\"><span data-contrast=\"auto\">analyser\u00a0les projets, appr\u00e9cier leurs impacts sur l&rsquo;environnement et contribuer \u00e0 la d\u00e9finition des mesures d\u2019\u00e9vitement, de r\u00e9duction ou \u00e0 d\u00e9faut, de compensation\u202f;<\/span><span data-ccp-props=\"{&quot;134233279&quot;:true,&quot;201341983&quot;:0,&quot;335551550&quot;:6,&quot;335551620&quot;:6,&quot;335559739&quot;:160,&quot;335559740&quot;:276}\">\u00a0<\/span><\/li>\n<li data-leveltext=\"\uf0b7\" data-font=\"Symbol\" data-listid=\"5\" aria-setsize=\"-1\" data-aria-posinset=\"4\" data-aria-level=\"1\"><b><span data-contrast=\"auto\">r\u00e9diger\u00a0les dossiers\u00a0techniques, valider les\u00a0r\u00e9dactions\u00a0des charg\u00e9s d\u2019\u00e9tudes et la cartographie,\u00a0<\/span><\/b><span data-contrast=\"auto\">principalement pour\u202f:<\/span><span data-ccp-props=\"{&quot;134233279&quot;:true,&quot;201341983&quot;:0,&quot;335551550&quot;:6,&quot;335551620&quot;:6,&quot;335559739&quot;:160,&quot;335559740&quot;:276}\">\u00a0<\/span><\/li>\n<\/ul>\n<ul>\n<li data-leveltext=\"o\" data-font=\"Courier New\" data-listid=\"5\" aria-setsize=\"-1\" data-aria-posinset=\"1\" data-aria-level=\"2\"><span data-contrast=\"auto\">des\u00a0\u00e9tudes\u00a0d\u2019impact\u00a0\u00e9cologiques (projets\u00a0EnR,\u00a0carri\u00e8res, infrastructures lin\u00e9aires, ZAC\u2026),<\/span><span data-ccp-props=\"{&quot;134233279&quot;:true,&quot;201341983&quot;:0,&quot;335551550&quot;:6,&quot;335551620&quot;:6,&quot;335559739&quot;:160,&quot;335559740&quot;:276}\">\u00a0<\/span><\/li>\n<li data-leveltext=\"o\" data-font=\"Courier New\" data-listid=\"5\" aria-setsize=\"-1\" data-aria-posinset=\"2\" data-aria-level=\"2\"><span data-contrast=\"auto\">des\u00a0dossiers Natura 2000,<\/span><span data-ccp-props=\"{&quot;134233279&quot;:true,&quot;201341983&quot;:0,&quot;335551550&quot;:6,&quot;335551620&quot;:6,&quot;335559739&quot;:160,&quot;335559740&quot;:276}\">\u00a0<\/span><\/li>\n<li data-leveltext=\"o\" data-font=\"Courier New\" data-listid=\"5\" aria-setsize=\"-1\" data-aria-posinset=\"3\" data-aria-level=\"2\"><span data-contrast=\"auto\">des\u00a0d\u00e9rogations esp\u00e8ces prot\u00e9g\u00e9es,<\/span><span data-ccp-props=\"{&quot;134233279&quot;:true,&quot;201341983&quot;:0,&quot;335551550&quot;:6,&quot;335551620&quot;:6,&quot;335559739&quot;:160,&quot;335559740&quot;:276}\">\u00a0<\/span><\/li>\n<li data-leveltext=\"o\" data-font=\"Courier New\" data-listid=\"5\" aria-setsize=\"-1\" data-aria-posinset=\"4\" data-aria-level=\"2\"><span data-contrast=\"auto\">des\u00a0plans de gestion\u2026<\/span><span data-ccp-props=\"{&quot;134233279&quot;:true,&quot;201341983&quot;:0,&quot;335551550&quot;:6,&quot;335551620&quot;:6,&quot;335559739&quot;:160,&quot;335559740&quot;:276}\">\u00a0<\/span><\/li>\n<\/ul>\n<ul>\n<li data-leveltext=\"\uf0b7\" data-font=\"Symbol\" data-listid=\"5\" aria-setsize=\"-1\" data-aria-posinset=\"1\" data-aria-level=\"1\"><span data-contrast=\"auto\">animer\u00a0les r\u00e9unions avec la ma\u00eetrise d\u2019ouvrage, les services de l\u2019Etat, les collectivit\u00e9s territoriales, les \u00e9lus (participer \u00e0 la concertation publique) ;<\/span><span data-ccp-props=\"{&quot;134233279&quot;:true,&quot;201341983&quot;:0,&quot;335551550&quot;:6,&quot;335551620&quot;:6,&quot;335559739&quot;:160,&quot;335559740&quot;:276}\">\u00a0<\/span><\/li>\n<\/ul>\n<ul>\n<li data-leveltext=\"\uf0b7\" data-font=\"Symbol\" data-listid=\"5\" aria-setsize=\"-1\" data-aria-posinset=\"1\" data-aria-level=\"1\"><span data-contrast=\"auto\">contribuer\u00a0au d\u00e9veloppement du bureau d\u2019\u00e9tudes (r\u00e9ponse aux appels d\u2019offres,\u00a0veille technique sur l\u2019\u00e9cologie,\u00a0auditions).<\/span><span data-ccp-props=\"{&quot;134233279&quot;:true,&quot;201341983&quot;:0,&quot;335551550&quot;:6,&quot;335551620&quot;:6,&quot;335559739&quot;:160,&quot;335559740&quot;:276}\"><br \/>\n<\/span><\/li>\n<\/ul>\n<p><b><span data-contrast=\"auto\">Profil recherch\u00e9 :\u00a0<\/span><\/b><span data-ccp-props=\"{&quot;201341983&quot;:0,&quot;335551550&quot;:6,&quot;335551620&quot;:6,&quot;335559739&quot;:160,&quot;335559740&quot;:259}\">\u00a0<\/span><\/p>\n<p><span data-contrast=\"auto\">De formation sp\u00e9cialis\u00e9 en \u00e9cologie, vous disposez d\u2019une\u00a0<\/span><b><span data-contrast=\"auto\">exp\u00e9rience de\u00a05\u00a0ans\u00a0<\/span><\/b><span data-contrast=\"auto\">dans le domaine de l\u2019\u00e9cologie,\u00a0acquise en\u00a0<\/span><b><span data-contrast=\"auto\">bureau d\u2019\u00e9tudes et \/ou en association\u00a0qui vous permet d\u2019\u00eatre autonome sur votre poste<\/span><\/b><span data-contrast=\"auto\">.<\/span><span data-ccp-props=\"{&quot;201341983&quot;:0,&quot;335551550&quot;:6,&quot;335551620&quot;:6,&quot;335559739&quot;:160,&quot;335559740&quot;:276}\">\u00a0<\/span><\/p>\n<p><span data-contrast=\"auto\">Vous poss\u00e9dez\u202f:<\/span><span data-ccp-props=\"{&quot;201341983&quot;:0,&quot;335551550&quot;:6,&quot;335551620&quot;:6,&quot;335559739&quot;:160,&quot;335559740&quot;:240}\">\u00a0<\/span><\/p>\n<ul>\n<li data-leveltext=\"\uf0b7\" data-font=\"Symbol\" data-listid=\"5\" aria-setsize=\"-1\" data-aria-posinset=\"1\" data-aria-level=\"1\"><span data-contrast=\"auto\">De tr\u00e8s bonnes connaissances g\u00e9n\u00e9ralistes du fonctionnement \u00e9cologique des milieux et leurs enjeux,<\/span><span data-ccp-props=\"{&quot;134233279&quot;:true,&quot;201341983&quot;:0,&quot;335551550&quot;:6,&quot;335551620&quot;:6,&quot;335559739&quot;:160,&quot;335559740&quot;:276}\">\u00a0<\/span><\/li>\n<li data-leveltext=\"\uf0b7\" data-font=\"Symbol\" data-listid=\"5\" aria-setsize=\"-1\" data-aria-posinset=\"2\" data-aria-level=\"1\"><span data-contrast=\"auto\">Une sp\u00e9cialisation sur la\u00a0faune, principalement des oiseaux\u202f:\u00a0<\/span><span data-contrast=\"auto\">reconnaissance des oiseaux au chant et \u00e0 la vue ainsi que des habitats d&rsquo;esp\u00e8ces, ma\u00eetrise des techniques d&rsquo;inventaires, \u00e9cologie<\/span><span data-contrast=\"auto\">\u00a0ou sur un groupe de la faune,\u00a0<\/span><span data-ccp-props=\"{&quot;134233279&quot;:true,&quot;201341983&quot;:0,&quot;335551550&quot;:6,&quot;335551620&quot;:6,&quot;335559739&quot;:160,&quot;335559740&quot;:276}\">\u00a0<\/span><\/li>\n<li data-leveltext=\"\uf0b7\" data-font=\"Symbol\" data-listid=\"5\" aria-setsize=\"-1\" data-aria-posinset=\"3\" data-aria-level=\"1\"><span data-contrast=\"auto\">La ma\u00eetrise d\u2019autres groupes (amphibiens, reptiles, insectes, chiropt\u00e8res\u2026),<\/span><span data-ccp-props=\"{&quot;134233279&quot;:true,&quot;201341983&quot;:0,&quot;335551550&quot;:6,&quot;335551620&quot;:6,&quot;335559739&quot;:160,&quot;335559740&quot;:276}\">\u00a0<\/span><\/li>\n<li data-leveltext=\"\uf0b7\" data-font=\"Symbol\" data-listid=\"5\" aria-setsize=\"-1\" data-aria-posinset=\"4\" data-aria-level=\"1\"><span data-contrast=\"auto\">L\u2019exp\u00e9rience de terrain, la rigueur scientifique,<\/span><span data-ccp-props=\"{&quot;134233279&quot;:true,&quot;201341983&quot;:0,&quot;335551550&quot;:6,&quot;335551620&quot;:6,&quot;335559739&quot;:160,&quot;335559740&quot;:276}\">\u00a0<\/span><\/li>\n<\/ul>\n<ul>\n<li data-leveltext=\"\uf0b7\" data-font=\"Symbol\" data-listid=\"5\" aria-setsize=\"-1\" data-aria-posinset=\"1\" data-aria-level=\"1\"><span data-contrast=\"auto\">L\u2019exp\u00e9rience manag\u00e9riale d\u2019une \u00e9quipe projet,<\/span><span data-ccp-props=\"{&quot;134233279&quot;:true,&quot;201341983&quot;:0,&quot;335551550&quot;:6,&quot;335551620&quot;:6,&quot;335559739&quot;:160,&quot;335559740&quot;:276}\">\u00a0<\/span><\/li>\n<li data-leveltext=\"\uf0b7\" data-font=\"Symbol\" data-listid=\"5\" aria-setsize=\"-1\" data-aria-posinset=\"2\" data-aria-level=\"1\"><span data-contrast=\"auto\">La ma\u00eetrise des outils de bureautique\u00a0et\u00a0de\u00a0cartographie\u00a0(SIG).<\/span><span data-ccp-props=\"{&quot;134233279&quot;:true,&quot;201341983&quot;:0,&quot;335551550&quot;:6,&quot;335551620&quot;:6,&quot;335559739&quot;:160,&quot;335559740&quot;:276}\">\u00a0<\/span><span data-ccp-props=\"{&quot;201341983&quot;:0,&quot;335551550&quot;:6,&quot;335551620&quot;:6,&quot;335559739&quot;:160,&quot;335559740&quot;:276}\"><br \/>\n<\/span><\/li>\n<\/ul>\n<p><span data-contrast=\"auto\">Vous devrez d\u00e9montrer\u00a0votre\u00a0<\/span><b><span data-contrast=\"auto\">excellente qualit\u00e9 r\u00e9dactionnelle<\/span><\/b><span data-contrast=\"auto\">. Un grand sens des responsabilit\u00e9s et une volont\u00e9 de s\u2019investir dans le d\u00e9veloppement de l\u2019entreprise seront\u00a0\u00e9galement\u00a0<\/span><span data-contrast=\"auto\">tr\u00e8s appr\u00e9ci\u00e9s<\/span><span data-contrast=\"auto\">.<\/span><span data-ccp-props=\"{&quot;201341983&quot;:0,&quot;335551550&quot;:6,&quot;335551620&quot;:6,&quot;335559739&quot;:160,&quot;335559740&quot;:276}\">\u00a0<\/span><\/p>\n<p><b><span data-contrast=\"auto\">D\u00e9tails du poste \u00e0 pourvoir\u202f:<\/span><\/b><span data-ccp-props=\"{&quot;201341983&quot;:0,&quot;335551550&quot;:6,&quot;335551620&quot;:6,&quot;335559739&quot;:160,&quot;335559740&quot;:276}\">\u00a0<\/span><\/p>\n<p><span data-contrast=\"auto\">Localisation\u202f: Saint-Jean-de-Braye (Orl\u00e9ans) Loiret,\u00a0<\/span><span data-contrast=\"none\">b\u00e9n\u00e9ficiant d\u2019un cadre de vie agr\u00e9able \u00e0 1h de Paris\u00a0<\/span><span data-ccp-props=\"{&quot;201341983&quot;:0,&quot;335551550&quot;:6,&quot;335551620&quot;:6,&quot;335559739&quot;:160,&quot;335559740&quot;:240}\">\u00a0<\/span><span data-ccp-props=\"{&quot;201341983&quot;:0,&quot;335551550&quot;:6,&quot;335551620&quot;:6,&quot;335559739&quot;:160,&quot;335559740&quot;:276}\">\u00a0<\/span><\/p>\n<p><em>D\u00e9placements\u00a0r\u00e9guliers\u00a0dans la moiti\u00e9 Nord de la France (voiture de service).\u00a0<\/em><\/p>\n<p><span data-contrast=\"auto\">R\u00e9mun\u00e9ration : \u00e0 d\u00e9battre selon exp\u00e9rience et comp\u00e9tences dans le cadre de la grille Syntec.<\/span><span data-ccp-props=\"{&quot;201341983&quot;:0,&quot;335551550&quot;:6,&quot;335551620&quot;:6,&quot;335559739&quot;:160,&quot;335559740&quot;:259}\">\u00a0<\/span><\/p>\n<p><b><span data-contrast=\"auto\">Avantages sociaux :<\/span><\/b><span data-contrast=\"auto\">\u00a0Tickets restaurant,\u00a0prime de participation,\u00a0prime de vacances,\u00a0Plan d&rsquo;\u00e9pargne salariale,\u00a0Plan d\u2019\u00e9pargne retraite,\u00a0mutuelle, ch\u00e8ques vacances.<\/span><span data-ccp-props=\"{&quot;201341983&quot;:0,&quot;335551550&quot;:6,&quot;335551620&quot;:6,&quot;335559739&quot;:160,&quot;335559740&quot;:259}\">\u00a0<\/span><\/p>\n","protected":false},"excerpt":{"rendered":"<p>CANDIDATURE FERM\u00c9E &nbsp; L&rsquo;Institut d&rsquo;Ecologie Appliqu\u00e9e, bureau d&rsquo;\u00e9tudes sp\u00e9cialis\u00e9 dans l\u2019ing\u00e9nierie \u00e9cologique et environnementale, proche d\u2019Orl\u00e9ans, recrute un(e)\u00a0Chef\u00a0de projet\u00a0fauniste\u00a0confirm\u00e9(e).\u00a0 L&rsquo;Institut d&rsquo;\u00c9cologie Appliqu\u00e9e\u00a0est compos\u00e9\u00a0d\u2019une \u00e9quipe de confiance,\u00a0pluridisciplinaire forte\u00a0d\u2019une\u00a0quinzaine de sp\u00e9cialistes\u00a0(environnementalistes sp\u00e9cialistes des \u00e9tudes r\u00e9glementaires, botanistes,\u00a0herp\u00e9tologues,\u00a0ornithologues, entomologistes, chiropt\u00e9rologues\u2026) et reconnu pour ses valeurs humaines, son expertise\u00a0et son professionnalisme.\u00a0\u00a0 Entreprise \u00e0 taille humaine,\u00a0ayant le go\u00fbt du travail bien [&hellip;]<\/p>\n","protected":false},"author":1,"featured_media":0,"comment_status":"closed","ping_status":"closed","sticky":false,"template":"","format":"standard","meta":{"footnotes":""},"categories":[2],"tags":[],"class_list":["post-162","post","type-post","status-publish","format-standard","hentry","category-offre-demploi"],"_links":{"self":[{"href":"http:\/\/iea45.fr\/actu\/wp-json\/wp\/v2\/posts\/162","targetHints":{"allow":["GET"]}}],"collection":[{"href":"http:\/\/iea45.fr\/actu\/wp-json\/wp\/v2\/posts"}],"about":[{"href":"http:\/\/iea45.fr\/actu\/wp-json\/wp\/v2\/types\/post"}],"author":[{"embeddable":true,"href":"http:\/\/iea45.fr\/actu\/wp-json\/wp\/v2\/users\/1"}],"replies":[{"embeddable":true,"href":"http:\/\/iea45.fr\/actu\/wp-json\/wp\/v2\/comments?post=162"}],"version-history":[{"count":2,"href":"http:\/\/iea45.fr\/actu\/wp-json\/wp\/v2\/posts\/162\/revisions"}],"predecessor-version":[{"id":171,"href":"http:\/\/iea45.fr\/actu\/wp-json\/wp\/v2\/posts\/162\/revisions\/171"}],"wp:attachment":[{"href":"http:\/\/iea45.fr\/actu\/wp-json\/wp\/v2\/media?parent=162"}],"wp:term":[{"taxonomy":"category","embeddable":true,"href":"http:\/\/iea45.fr\/actu\/wp-json\/wp\/v2\/categories?post=162"},{"taxonomy":"post_tag","embeddable":true,"href":"http:\/\/iea45.fr\/actu\/wp-json\/wp\/v2\/tags?post=162"}],"curies":[{"name":"wp","href":"https:\/\/api.w.org\/{rel}","templated":true}]}}