{"id":149,"date":"2021-06-04T13:38:30","date_gmt":"2021-06-04T12:38:30","guid":{"rendered":"http:\/\/iea45.fr\/actu\/?p=149"},"modified":"2022-01-03T15:01:14","modified_gmt":"2022-01-03T14:01:14","slug":"charge-detudes-environnement-h-f-2","status":"publish","type":"post","link":"http:\/\/iea45.fr\/actu\/2021\/06\/04\/charge-detudes-environnement-h-f-2\/","title":{"rendered":"Charg\u00e9 d\u2019\u00e9tudes environnement H\/F"},"content":{"rendered":"<div id=\"pl-149\" class=\"panel-layout\">\r\n<div id=\"pg-149-0\" class=\"panel-grid panel-no-style\">\r\n<div id=\"pgc-149-0-0\" class=\"panel-grid-cell\" data-weight=\"1\">\r\n<div id=\"panel-149-0-0-0\" class=\"so-panel widget widget_sow-editor panel-first-child panel-last-child\" data-index=\"0\" data-style=\"{&quot;background_image_attachment&quot;:false,&quot;background_display&quot;:&quot;tile&quot;}\">\r\n<div class=\"so-widget-sow-editor so-widget-sow-editor-base\">\r\n<div class=\"siteorigin-widget-tinymce textwidget\">\r\n<h1 class=\"has-vivid-red-color has-cyan-bluish-gray-background-color has-text-color has-background\"><strong>CANDIDATURE FERM\u00c9E<\/strong><\/h1>\r\n\r\n<p>&nbsp;<\/p>\r\n<p><strong>L&rsquo;Institut d&rsquo;\u00c9cologie Appliqu\u00e9e, bureau d&rsquo;\u00e9tudes sp\u00e9cialis\u00e9 dans l\u2019ing\u00e9nierie \u00e9cologique et environnementale, proche d\u2019Orl\u00e9ans, recrute un(e) Charg\u00e9 (e) d\u2019\u00e9tudes environnement.<\/strong><\/p>\r\n<p>L&rsquo;Institut d&rsquo;\u00c9cologie Appliqu\u00e9e est compos\u00e9 d\u2019une \u00e9quipe de confiance, pluridisciplinaire forte d&rsquo;une <strong>quinzaine de sp\u00e9cialistes<\/strong> (environnementalistes sp\u00e9cialistes des \u00e9tudes r\u00e9glementaires, botanistes, ornithologues, entomologistes, chiropt\u00e9rologues) et reconnue pour ses valeurs humaines, son expertise et son professionnalisme.<\/p>\r\n<p><strong>Entreprise \u00e0 taille humaine, l&rsquo;IEA se compose de 2 p\u00f4les de comp\u00e9tences :<\/strong><\/p>\r\n<ul>\r\n<li>expertises \u00e9cologiques,<\/li>\r\n<li>\u00e9tudes environnementales et am\u00e9nagement du territoire.<\/li>\r\n<\/ul>\r\n<p>Ces p\u00f4les et les sp\u00e9cialistes qui les composent interagissent et se compl\u00e8tent dans les missions qui leurs sont confi\u00e9es, ce qui fait l\u2019une des forces de l\u2019IEA.<\/p>\r\n<p><strong>Contrat<\/strong> : CDD de 6 mois pouvant \u00e9voluer vers un CDI<\/p>\r\n<p><strong>Prise de fonction :<\/strong> Septembre 2021<\/p>\r\n<p><strong>Coordonn\u00e9es pour r\u00e9pondre \u00e0 l&rsquo;offre<\/strong> : Lettre de motivation + Curriculum Vitae sont \u00e0 adresser uniquement par mail avec la r\u00e9f\u00e9rence suivante \u00ab\u00a0CE Environnement 2021\u00a0\u00bb \u00e0 : <a href=\"mailto:magali.cormery@iea45.fr\">magali.cormery@iea45.fr<\/a><\/p>\r\n<p><strong><u>Descriptif de l\u2019offre\u00a0:<\/u><\/strong><\/p>\r\n<p>L\u2019Institut d\u2019\u00c9cologie Appliqu\u00e9 souhaite renforcer son \u00e9quipe et recruter un (ou une) charg\u00e9(e) d\u2019\u00e9tudes pour la <strong>r\u00e9alisation :<\/strong><\/p>\r\n<ul>\r\n<li><strong>d\u2019\u00e9tudes environnementales de projets\u00a0: <\/strong>\u00e9tude d\u2019impact, dossier loi sur l\u2019eau, demande d\u2019examen au cas par cas, \u00e9valuation environnementale, dossier de demande d\u2019autorisation environnementale, \u2026<\/li>\r\n<li><strong>d\u2019\u00e9tudes environnementales de documents d\u2019urbanisme\u00a0(<\/strong>PLU, PLUi, SCoT)\u00a0: \u00e9valuation environnementale, diagnostic environnemental, \u2026<\/li>\r\n<li><strong>missions<\/strong> <strong>transversales \u00e0 port\u00e9e \u00e9cologique<\/strong><\/li>\r\n<\/ul>\r\n<p>En collaboration avec les chefs de projets du p\u00f4le, vous devrez :<\/p>\r\n<ul>\r\n<li><strong>r\u00e9diger les dossiers r\u00e9glementaires<\/strong> li\u00e9s \u00e0 l\u2019am\u00e9nagement du territoire (principalement des diagnostics, des \u00e9valuations environnementales, des \u00e9tudes d\u2019impact et des dossiers loi sur l\u2019eau) ;<\/li>\r\n<li><strong>rassembler les \u00e9l\u00e9ments de connaissance pour \u00e9laborer un diagnostic environnemental d\u2019un territoire\u00a0;<\/strong><\/li>\r\n<li>contribuer \u00e0 la d\u00e9finition des enjeux environnementaux<strong>;<\/strong><\/li>\r\n<li>analyser les projets, appr\u00e9cier leurs impacts sur l&rsquo;environnement et contribuer \u00e0 la d\u00e9finition des mesures d\u2019\u00e9vitement, de r\u00e9duction ou \u00e0 d\u00e9faut, de compensation\u00a0;<\/li>\r\n<li>analyser et valider les productions de sous-traitants et \u00e9changer avec le p\u00f4le expertise \u00e9cologique sur la th\u00e9matique biologique.<\/li>\r\n<\/ul>\r\n<p><strong>\u00a0<\/strong><\/p>\r\n<p><strong><u>Comp\u00e9tences requises\u00a0:<\/u><\/strong><\/p>\r\n<p><strong>Vous avez une approche pluridisciplinaire et vous ma\u00eetrisez les outils d\u2019am\u00e9nagement du territoire et la <\/strong><strong>r\u00e9daction des dossiers r\u00e9glementaires<\/strong><strong> pour des projets de ZAC, de carri\u00e8res, d\u2019\u00e9nergies renouvelables, d\u2019infrastructures lin\u00e9aires.<\/strong><strong>\u00a0<\/strong><\/p>\r\n<p><strong>Vous avez une bonne connaissance des politiques d\u2019am\u00e9nagement du territoire, de la r\u00e9glementation et des structures en charge de l\u2019environnement et de la protection des milieux naturels. Vous ma\u00eetrisez les outils bureautiques courants. Vous disposez de <\/strong><strong>qualit\u00e9s r\u00e9dactionnelles et d\u2019un bon niveau en orthographe.<\/strong><\/p>\r\n<p>Votre sens des responsabilit\u00e9s et une volont\u00e9 de s\u2019investir dans le d\u00e9veloppement de l\u2019entreprise seront <strong>appr\u00e9ci\u00e9s<\/strong>.<\/p>\r\n<p><strong>\u00a0<\/strong><\/p>\r\n<p><strong><u>Profil recherch\u00e9\u00a0:<\/u><\/strong><\/p>\r\n<p>De formation Bac + 5 sp\u00e9cialis\u00e9e en gestion de l\u2019environnement, vous disposez d\u2019une <strong>exp\u00e9rience de 1 \u00e0 3 ans <\/strong>en \u00e9laboration d\u2019\u00e9tudes d\u2019impact et de dossier loi sur l\u2019eau.<\/p>\r\n<p><strong><u>D\u00e9tails du poste \u00e0 pourvoir\u00a0:<\/u><\/strong><\/p>\r\n<p>Localisation\u00a0: Saint-Jean-de-Braye (Orl\u00e9ans) Loiret, b\u00e9n\u00e9ficiant d\u2019un cadre de vie agr\u00e9able \u00e0 1h de Paris.<\/p>\r\n<p>D\u00e9placements r\u00e9guliers dans la moiti\u00e9 Nord de la France (voiture de service).<\/p>\r\n<p>R\u00e9mun\u00e9ration : \u00e0 d\u00e9battre selon exp\u00e9rience et comp\u00e9tences dans le cadre de la grille Syntec.<\/p>\r\n<p><strong>Avantages sociaux :<\/strong> Tickets restaurant, primes sur objectifs, Plan d&rsquo;\u00e9pargne salariale, Plan d\u2019\u00e9pargne retraite, participation, mutuelle, ch\u00e8ques vacances.<\/p>\r\n<\/div>\r\n<\/div>\r\n<\/div>\r\n<\/div>\r\n<\/div>\r\n<\/div>","protected":false},"excerpt":{"rendered":"<p>CANDIDATURE FERM\u00c9E &nbsp; L&rsquo;Institut d&rsquo;\u00c9cologie Appliqu\u00e9e, bureau d&rsquo;\u00e9tudes sp\u00e9cialis\u00e9 dans l\u2019ing\u00e9nierie \u00e9cologique et environnementale, proche d\u2019Orl\u00e9ans, recrute un(e) Charg\u00e9 (e) d\u2019\u00e9tudes environnement. L&rsquo;Institut d&rsquo;\u00c9cologie Appliqu\u00e9e est compos\u00e9 d\u2019une \u00e9quipe de confiance, pluridisciplinaire forte d&rsquo;une quinzaine de sp\u00e9cialistes (environnementalistes sp\u00e9cialistes des \u00e9tudes r\u00e9glementaires, botanistes, ornithologues, entomologistes, chiropt\u00e9rologues) et reconnue pour ses valeurs humaines, son expertise et [&hellip;]<\/p>\n","protected":false},"author":1,"featured_media":0,"comment_status":"closed","ping_status":"closed","sticky":false,"template":"","format":"standard","meta":{"footnotes":""},"categories":[2],"tags":[],"class_list":["post-149","post","type-post","status-publish","format-standard","hentry","category-offre-demploi"],"_links":{"self":[{"href":"http:\/\/iea45.fr\/actu\/wp-json\/wp\/v2\/posts\/149","targetHints":{"allow":["GET"]}}],"collection":[{"href":"http:\/\/iea45.fr\/actu\/wp-json\/wp\/v2\/posts"}],"about":[{"href":"http:\/\/iea45.fr\/actu\/wp-json\/wp\/v2\/types\/post"}],"author":[{"embeddable":true,"href":"http:\/\/iea45.fr\/actu\/wp-json\/wp\/v2\/users\/1"}],"replies":[{"embeddable":true,"href":"http:\/\/iea45.fr\/actu\/wp-json\/wp\/v2\/comments?post=149"}],"version-history":[{"count":7,"href":"http:\/\/iea45.fr\/actu\/wp-json\/wp\/v2\/posts\/149\/revisions"}],"predecessor-version":[{"id":165,"href":"http:\/\/iea45.fr\/actu\/wp-json\/wp\/v2\/posts\/149\/revisions\/165"}],"wp:attachment":[{"href":"http:\/\/iea45.fr\/actu\/wp-json\/wp\/v2\/media?parent=149"}],"wp:term":[{"taxonomy":"category","embeddable":true,"href":"http:\/\/iea45.fr\/actu\/wp-json\/wp\/v2\/categories?post=149"},{"taxonomy":"post_tag","embeddable":true,"href":"http:\/\/iea45.fr\/actu\/wp-json\/wp\/v2\/tags?post=149"}],"curies":[{"name":"wp","href":"https:\/\/api.w.org\/{rel}","templated":true}]}}