{"id":138,"date":"2021-01-19T09:21:25","date_gmt":"2021-01-19T08:21:25","guid":{"rendered":"http:\/\/iea45.fr\/actu\/?p=138"},"modified":"2022-01-03T15:01:31","modified_gmt":"2022-01-03T14:01:31","slug":"chargee-detudes-ornithologue-chiropterologue-h-f","status":"publish","type":"post","link":"http:\/\/iea45.fr\/actu\/2021\/01\/19\/chargee-detudes-ornithologue-chiropterologue-h-f\/","title":{"rendered":"Charg\u00e9(e) d\u2019\u00e9tudes Ornithologue Chiropt\u00e9rologue"},"content":{"rendered":"\r\n<h1 class=\"has-vivid-red-color has-cyan-bluish-gray-background-color has-text-color has-background\"><strong>CANDIDATURE FERM\u00c9E<\/strong><\/h1>\r\n\r\n<p><strong>L&rsquo;Institut d&rsquo;\u00c9cologie Appliqu\u00e9e, bureau d&rsquo;\u00e9tudes sp\u00e9cialis\u00e9 dans l\u2019ing\u00e9nierie \u00e9cologique et environnementale, proche d\u2019Orl\u00e9ans, recrute un(e) Charg\u00e9(e) d\u2019\u00e9tude ornithologue\/chiropt\u00e9rologue confirm\u00e9(e).<\/strong><\/p>\r\n<p>L&rsquo;Institut d&rsquo;\u00c9cologie Appliqu\u00e9e a r\u00e9uni une \u00e9quipe de confiance, pluridisciplinaire, forte de plus d\u2019une <strong>quinzaine de sp\u00e9cialistes<\/strong> (environnementalistes sp\u00e9cialistes des \u00e9tudes r\u00e9glementaires, botanistes, herp\u00e9tologues, ornithologues, entomologistes, chiropt\u00e9rologues\u2026) et reconnue pour ses valeurs humaines et son professionnalisme.<\/p>\r\n<p><strong>Contrat : <\/strong>CDI<\/p>\r\n<p><strong>Prise de fonction : <\/strong>d\u00e8s que possible<\/p>\r\n<p><strong>Coordonn\u00e9es pour r\u00e9pondre \u00e0 l&rsquo;offre<\/strong> : Lettre de motivation + Curriculum Vitae sont \u00e0 adresser uniquement par mail avec la r\u00e9f\u00e9rence suivante \u00ab\u00a0CE ornithologue\/chiropt\u00e9rologue \u00bb \u00e0 : <a href=\"mailto:nicolas.hugot@iea45.fr\">nicolas.hugot(at)iea45.fr<\/a><\/p>\r\n<p><strong><u>Descriptif de l\u2019offre :<\/u><\/strong><\/p>\r\n<p>Sous la responsabilit\u00e9 d\u2019un chef de projet, le (la) charg\u00e9(e) d&rsquo;\u00e9tudes aura pour mission de :<\/p>\r\n<ul>\r\n<li><strong>Pr\u00e9parer et mener des missions d\u2019inventaire de terrain sur la faune en particulier sur les oiseaux et les chiropt\u00e8res pour divers projets notamment d\u2019EnR,<\/strong><\/li>\r\n<li><strong>Assurer les analyses \u00e9coacoustiques des enregistrements ultrasonores des chiropt\u00e8res\u00a0; <\/strong><\/li>\r\n<\/ul>\r\n<ul>\r\n<li>Estimer et hi\u00e9rarchiser les enjeux li\u00e9s \u00e0 la faune patrimoniale et \u00e0 ses habitats (protection, raret\u00e9, menaces) sur la base des r\u00e9f\u00e9rentiels nationaux et r\u00e9gionaux ;<\/li>\r\n<li>Analyser les projets, appr\u00e9cier leurs impacts et contribuer \u00e0 la d\u00e9finition des mesures d\u2019\u00e9vitement, de r\u00e9duction ou \u00e0 d\u00e9faut, de compensation ;<\/li>\r\n<li>R\u00e9diger des comptes rendus d&rsquo;expertises et des rapports d&rsquo;\u00e9tudes (expertise \u00e9cologique, \u00e9tudes d\u2019ENS, dossier de demande de d\u00e9rogation, \u00e9valuation des incidences Natura 2000)\u00a0;<\/li>\r\n<li>Participer et appuyer le chef de projet dans les relations avec les clients, les organismes et associations li\u00e9es \u00e0 l&rsquo;environnement.<\/li>\r\n<\/ul>\r\n<p><strong>Profil recherch\u00e9 : <\/strong><\/p>\r\n<p>De formation Bac + 2 \u00e0 +5 sp\u00e9cialis\u00e9 en \u00e9cologie et en faune, vous disposez d\u2019une <strong>exp\u00e9rience de 1 \u00e0 3 ans <\/strong>dans le domaine, acquise en <strong>bureau d\u2019\u00e9tudes et \/ou en association<\/strong>.<\/p>\r\n<ul>\r\n<li>BONNE CONNAISSANCE DES CHIROPT\u00c8RES : maitrise des m\u00e9thodes d\u2019inventaires, capacit\u00e9 d\u2019analyse \u00e9coacoustique sur les logiciels SONOCHIRO et BATSOUND, connaissance de l\u2019\u00e9cologie fonctionnelle des chiropt\u00e8res ;<\/li>\r\n<li>BONNE CONNAISSANCE DES OISEAUX\u00a0: reconnaissance des oiseaux au chant et \u00e0 la vue ainsi que des habitats d&rsquo;esp\u00e8ces, ma\u00eetrise des techniques d&rsquo;inventaires, \u00e9cologie\u00a0;<\/li>\r\n<li>Connaissances g\u00e9n\u00e9ralistes sur le fonctionnement \u00e9cologique des milieux et leurs enjeux\u00a0;<\/li>\r\n<li>Exp\u00e9rience de terrain,<\/li>\r\n<li>Capacit\u00e9 \u00e0 travailler en \u00e9quipe, rigueur scientifique,<\/li>\r\n<li>Capacit\u00e9 de synth\u00e8se et de r\u00e9daction,<\/li>\r\n<li>Ma\u00eetrise des outils de bureautique, connaissance en cartographie et SIG.<\/li>\r\n<li>\u00a0<\/li>\r\n<\/ul>\r\n<p><strong>Un test sera r\u00e9alis\u00e9 lors de l&rsquo;entretien.<\/strong><\/p>\r\n<p>Localisation : Saint-Jean-de-Braye (Orl\u00e9ans), Loiret.<\/p>\r\n<p>D\u00e9placements fr\u00e9quents dans la moiti\u00e9 Nord de la France (voiture de service).<\/p>\r\n<p>R\u00e9mun\u00e9ration : \u00e0 d\u00e9battre selon exp\u00e9rience et comp\u00e9tences dans le cadre de la grille Syntec.<\/p>\r\n<p><strong>Avantages sociaux :<\/strong> tickets restaurant, prime de participation, primes, plan d&rsquo;\u00e9pargne salariale, plan d\u2019\u00e9pargne retraite, mutuelle, ch\u00e8ques vacances.<\/p>","protected":false},"excerpt":{"rendered":"<p>CANDIDATURE FERM\u00c9E L&rsquo;Institut d&rsquo;\u00c9cologie Appliqu\u00e9e, bureau d&rsquo;\u00e9tudes sp\u00e9cialis\u00e9 dans l\u2019ing\u00e9nierie \u00e9cologique et environnementale, proche d\u2019Orl\u00e9ans, recrute un(e) Charg\u00e9(e) d\u2019\u00e9tude ornithologue\/chiropt\u00e9rologue confirm\u00e9(e). L&rsquo;Institut d&rsquo;\u00c9cologie Appliqu\u00e9e a r\u00e9uni une \u00e9quipe de confiance, pluridisciplinaire, forte de plus d\u2019une quinzaine de sp\u00e9cialistes (environnementalistes sp\u00e9cialistes des \u00e9tudes r\u00e9glementaires, botanistes, herp\u00e9tologues, ornithologues, entomologistes, chiropt\u00e9rologues\u2026) et reconnue pour ses valeurs humaines et [&hellip;]<\/p>\n","protected":false},"author":1,"featured_media":0,"comment_status":"closed","ping_status":"closed","sticky":false,"template":"","format":"standard","meta":{"footnotes":""},"categories":[2],"tags":[],"class_list":["post-138","post","type-post","status-publish","format-standard","hentry","category-offre-demploi"],"_links":{"self":[{"href":"http:\/\/iea45.fr\/actu\/wp-json\/wp\/v2\/posts\/138","targetHints":{"allow":["GET"]}}],"collection":[{"href":"http:\/\/iea45.fr\/actu\/wp-json\/wp\/v2\/posts"}],"about":[{"href":"http:\/\/iea45.fr\/actu\/wp-json\/wp\/v2\/types\/post"}],"author":[{"embeddable":true,"href":"http:\/\/iea45.fr\/actu\/wp-json\/wp\/v2\/users\/1"}],"replies":[{"embeddable":true,"href":"http:\/\/iea45.fr\/actu\/wp-json\/wp\/v2\/comments?post=138"}],"version-history":[{"count":6,"href":"http:\/\/iea45.fr\/actu\/wp-json\/wp\/v2\/posts\/138\/revisions"}],"predecessor-version":[{"id":166,"href":"http:\/\/iea45.fr\/actu\/wp-json\/wp\/v2\/posts\/138\/revisions\/166"}],"wp:attachment":[{"href":"http:\/\/iea45.fr\/actu\/wp-json\/wp\/v2\/media?parent=138"}],"wp:term":[{"taxonomy":"category","embeddable":true,"href":"http:\/\/iea45.fr\/actu\/wp-json\/wp\/v2\/categories?post=138"},{"taxonomy":"post_tag","embeddable":true,"href":"http:\/\/iea45.fr\/actu\/wp-json\/wp\/v2\/tags?post=138"}],"curies":[{"name":"wp","href":"https:\/\/api.w.org\/{rel}","templated":true}]}}