{"id":116,"date":"2019-07-09T10:04:20","date_gmt":"2019-07-09T09:04:20","guid":{"rendered":"http:\/\/iea45.fr\/actu\/?p=116"},"modified":"2021-03-22T14:17:02","modified_gmt":"2021-03-22T13:17:02","slug":"chef-de-projets-environnement-confirme-h-f%ef%bb%bf","status":"publish","type":"post","link":"http:\/\/iea45.fr\/actu\/2019\/07\/09\/chef-de-projets-environnement-confirme-h-f%ef%bb%bf\/","title":{"rendered":"Chef de projets environnement confirm\u00e9 H\/F\ufeff"},"content":{"rendered":"\n<p class=\"has-vivid-red-color has-cyan-bluish-gray-background-color has-text-color has-background\"><strong>CANDIDATURE FERM\u00c9E<\/strong><\/p>\n\n\n\n<p><strong>L&rsquo;Institut d&rsquo;\u00c9cologie Appliqu\u00e9e, bureau d&rsquo;\u00e9tudes sp\u00e9cialis\u00e9 dans l\u2019ing\u00e9nierie \u00e9cologique et environnementale, proche d\u2019Orl\u00e9ans, recrute un(e) Chef de projet environnement confirm\u00e9(e).<\/strong><\/p>\n\n\n\n<p>L&rsquo;Institut d&rsquo;\u00c9cologie Appliqu\u00e9e est\ncompos\u00e9 d\u2019une \u00e9quipe de confiance, pluridisciplinaire forte d&rsquo;une <strong>quinzaine de sp\u00e9cialistes<\/strong> (environnementalistes\nsp\u00e9cialistes des \u00e9tudes r\u00e9glementaires, botanistes, ornithologues,\nentomologistes, chiropt\u00e9rologues) et reconnue pour ses valeurs humaines, son\nexpertise et son professionnalisme.<\/p>\n\n\n\n<p>Entreprise \u00e0 taille\nhumaine, <strong>ayant le go\u00fbt du travail bien\nfait<\/strong>, l&rsquo;IEA se compose de 2 p\u00f4les de comp\u00e9tences :<\/p>\n\n\n\n<ul class=\"wp-block-list\"><li>expertises \u00e9cologiques,<\/li><li>\u00e9tudes environnementales\net am\u00e9nagement du territoire.<\/li><\/ul>\n\n\n\n<p>Ces p\u00f4les et les\nsp\u00e9cialistes qui les composent interagissent et se compl\u00e8tent dans les missions\nqui leurs sont confi\u00e9es, ce qui fait l\u2019une des forces de l\u2019IEA.<\/p>\n\n\n\n<p><strong>Contrat<\/strong> : CDI\ntemps plein<\/p>\n\n\n\n<p><strong>Prise de fonction :<\/strong> D\u00e8s\nque possible<\/p>\n\n\n\n<p><strong>Coordonn\u00e9es pour r\u00e9pondre \u00e0\nl&rsquo;offre<\/strong> : Lettre de motivation + Curriculum Vitae sont \u00e0 adresser\nuniquement par mail avec la r\u00e9f\u00e9rence suivante \u00ab&nbsp;CP Environnement 2019&nbsp;\u00bb\n\u00e0 : <a href=\"mailto:nicolas.hugot@iea45.fr\">nicolas.hugot@iea45.fr<\/a><\/p>\n\n\n\n<p><strong>Descriptif\nde l\u2019offre&nbsp;:<\/strong><\/p>\n\n\n\n<p>L\u2019Institut d\u2019\u00c9cologie Appliqu\u00e9 souhaite\nrenforcer son \u00e9quipe et recruter un (ou une) chef de projets confirm\u00e9(e) pour\nla <strong>r\u00e9alisation d&rsquo;\u00e9valuations\nenvironnementales de projets&nbsp;: <\/strong>\u00e9tude d\u2019impact, dossier loi sur l\u2019eau, \u00e9valuation\nenvironnementale, dossier de demande d\u2019exploitation et des <strong>missions<\/strong> <strong>transversales\n\u00e0 port\u00e9e \u00e9cologique.<\/strong><\/p>\n\n\n\n<p>En collaboration avec notre environnementaliste\nr\u00e9f\u00e9rente, vous devrez :<strong><\/strong><\/p>\n\n\n\n<ul class=\"wp-block-list\"><li><strong>r\u00e9diger\nles dossiers r\u00e9glementaires<\/strong> li\u00e9s \u00e0 l\u2019am\u00e9nagement du territoire (principalement\ndes \u00e9tudes d\u2019impact et dossier loi sur l\u2019eau) ;<\/li><li><strong>animer\nles r\u00e9unions<\/strong> avec la ma\u00eetrise d\u2019ouvrage, les services de\nl\u2019Etat, les collectivit\u00e9s territoriales, les \u00e9lus (participer \u00e0 la concertation\npublique) ;<\/li><li><strong>rassembler les \u00e9l\u00e9ments de connaissance pour \u00e9laborer un diagnostic\nenvironnemental d\u2019un territoire&nbsp;;<\/strong><\/li><li>contribuer \u00e0 la d\u00e9finition des\nenjeux environnementaux<strong>&nbsp;;<\/strong><\/li><li>analyser les projets, appr\u00e9cier leurs impacts\nsur l&rsquo;environnement et contribuer \u00e0 la d\u00e9finition des mesures d\u2019\u00e9vitement, de\nr\u00e9duction ou \u00e0 d\u00e9faut, de compensation&nbsp;;<\/li><li>analyser et valider les productions de\nsous-traitants et \u00e9changer avec le p\u00f4le expertise \u00e9cologique sur la th\u00e9matique\nbiologique&nbsp;;<\/li><li>contribuer au d\u00e9veloppement du\nbureau d\u2019\u00e9tudes (r\u00e9ponse aux appels d\u2019offres, auditions).<strong><\/strong><\/li><\/ul>\n\n\n\n<p><strong>Comp\u00e9tences\nrequises&nbsp;:<\/strong><\/p>\n\n\n\n<p><strong>Vous avez une approche pluridisciplinaire et vous ma\u00eetrisez les outils\nd\u2019am\u00e9nagement du territoire et la <\/strong><strong>r\u00e9daction\ndes dossiers r\u00e9glementaires<\/strong><strong> pour des projets de ZAC, de carri\u00e8res, d\u2019\u00e9nergies renouvelables,\nd\u2019infrastructures lin\u00e9aires.<\/strong><\/p>\n\n\n\n<p><strong>Vous avez une bonne connaissance des politiques d\u2019am\u00e9nagement du\nterritoire, de la r\u00e9glementation et des structures en charge de l\u2019environnement\net de la protection des milieux naturels. Vous ma\u00eetrisez les outils\nbureautiques courants.<\/strong><\/p>\n\n\n\n<p>Votre sens des responsabilit\u00e9s et une volont\u00e9\nde s\u2019investir dans le d\u00e9veloppement de l\u2019entreprise seront <strong>appr\u00e9ci\u00e9s<\/strong>.<strong><\/strong><\/p>\n\n\n\n<p><strong>Profil\nrecherch\u00e9&nbsp;:<\/strong><\/p>\n\n\n\n<p>De formation Bac + 5 sp\u00e9cialis\u00e9e en gestion de\nl\u2019environnement, vous disposez d\u2019une <strong>exp\u00e9rience\nde 3 \u00e0 5 ans <\/strong>en \u00e9laboration d\u2019\u00e9tudes d\u2019impact et de dossier loi sur l\u2019eau.<\/p>\n\n\n\n<p><strong>D\u00e9tails\ndu poste \u00e0 pourvoir&nbsp;:<\/strong><\/p>\n\n\n\n<p>Localisation&nbsp;:\nSaint-Jean-de-Braye (Orl\u00e9ans) Loiret, b\u00e9n\u00e9ficiant\nd\u2019un cadre de vie agr\u00e9able \u00e0 1h de Paris <\/p>\n\n\n\n<p>D\u00e9placements r\u00e9guliers dans la\nmoiti\u00e9 Nord de la France (voiture de service).<\/p>\n\n\n\n<p>R\u00e9mun\u00e9ration : \u00e0 d\u00e9battre\nselon exp\u00e9rience et comp\u00e9tences dans le cadre de la grille Syntec.<\/p>\n\n\n\n<p><strong>Avantages\nsociaux :<\/strong> Tickets restaurant, primes sur objectifs, Plan d&rsquo;\u00e9pargne\nsalariale, Plan d\u2019\u00e9pargne retraite, mutuelle, ch\u00e8ques vacances.<\/p>\n","protected":false},"excerpt":{"rendered":"<p>CANDIDATURE FERM\u00c9E L&rsquo;Institut d&rsquo;\u00c9cologie Appliqu\u00e9e, bureau d&rsquo;\u00e9tudes sp\u00e9cialis\u00e9 dans l\u2019ing\u00e9nierie \u00e9cologique et environnementale, proche d\u2019Orl\u00e9ans, recrute un(e) Chef de projet environnement confirm\u00e9(e). L&rsquo;Institut d&rsquo;\u00c9cologie Appliqu\u00e9e est compos\u00e9 d\u2019une \u00e9quipe de confiance, pluridisciplinaire forte d&rsquo;une quinzaine de sp\u00e9cialistes (environnementalistes sp\u00e9cialistes des \u00e9tudes r\u00e9glementaires, botanistes, ornithologues, entomologistes, chiropt\u00e9rologues) et reconnue pour ses valeurs humaines, son expertise et [&hellip;]<\/p>\n","protected":false},"author":1,"featured_media":0,"comment_status":"closed","ping_status":"closed","sticky":false,"template":"","format":"standard","meta":{"footnotes":""},"categories":[2],"tags":[],"class_list":["post-116","post","type-post","status-publish","format-standard","hentry","category-offre-demploi"],"_links":{"self":[{"href":"http:\/\/iea45.fr\/actu\/wp-json\/wp\/v2\/posts\/116","targetHints":{"allow":["GET"]}}],"collection":[{"href":"http:\/\/iea45.fr\/actu\/wp-json\/wp\/v2\/posts"}],"about":[{"href":"http:\/\/iea45.fr\/actu\/wp-json\/wp\/v2\/types\/post"}],"author":[{"embeddable":true,"href":"http:\/\/iea45.fr\/actu\/wp-json\/wp\/v2\/users\/1"}],"replies":[{"embeddable":true,"href":"http:\/\/iea45.fr\/actu\/wp-json\/wp\/v2\/comments?post=116"}],"version-history":[{"count":3,"href":"http:\/\/iea45.fr\/actu\/wp-json\/wp\/v2\/posts\/116\/revisions"}],"predecessor-version":[{"id":147,"href":"http:\/\/iea45.fr\/actu\/wp-json\/wp\/v2\/posts\/116\/revisions\/147"}],"wp:attachment":[{"href":"http:\/\/iea45.fr\/actu\/wp-json\/wp\/v2\/media?parent=116"}],"wp:term":[{"taxonomy":"category","embeddable":true,"href":"http:\/\/iea45.fr\/actu\/wp-json\/wp\/v2\/categories?post=116"},{"taxonomy":"post_tag","embeddable":true,"href":"http:\/\/iea45.fr\/actu\/wp-json\/wp\/v2\/tags?post=116"}],"curies":[{"name":"wp","href":"https:\/\/api.w.org\/{rel}","templated":true}]}}